{"id":1460,"date":"2026-04-26T19:01:00","date_gmt":"2026-04-26T17:01:00","guid":{"rendered":"https:\/\/wloczega.pl\/blog\/?p=1460"},"modified":"2026-04-23T21:07:05","modified_gmt":"2026-04-23T19:07:05","slug":"wakacje-w-bieszczadach-dzika-przyroda-cisza-i-spokoj","status":"publish","type":"post","link":"https:\/\/wloczega.pl\/blog\/wakacje-w-bieszczadach-dzika-przyroda-cisza-i-spokoj\/","title":{"rendered":"Wakacje w Bieszczadach &#8211; dzika przyroda, cisza i spok\u00f3j"},"content":{"rendered":"\n<p>Bieszczady od lat przyci\u0105gaj\u0105 tych, kt\u00f3rzy szukaj\u0105 ucieczki od miejskiego zgie\u0142ku. To jeden z najdzikszych i najmniej zurbanizowanych zak\u0105tk\u00f3w Polski &#8211; miejsce, gdzie po\u0142oniny ton\u0105 we mgle, wilki przemierzaj\u0105 lasy, a czas p\u0142ynie wyra\u017anie wolniej. Je\u015bli marzysz o wakacjach z dala od t\u0142um\u00f3w, z widokiem na bezkresne wzg\u00f3rza i \u015bwie\u017cym powietrzem w p\u0142ucach, wakacje w Bieszczadach mog\u0105 okaza\u0107 si\u0119 strza\u0142em w dziesi\u0105tk\u0119.<\/p>\n\n\n\n<h2 class=\"wp-block-heading\">Czym jest agroturystyka?<\/h2>\n\n\n\n<p>Zanim opiszemy agroturystyk\u0119 w Bieszczadach, warto przybli\u017cy\u0107 nieco sam termin tego sposobu na sp\u0119dzanie wolnego czasu.<br><strong>Agroturystyka to forma wypoczynku w warunkach zbli\u017conych do wiejskich, <\/strong>kt\u00f3ra mo\u017ce \u0142\u0105czy\u0107 nocleg lub pobyt na terenie dzia\u0142aj\u0105cego gospodarstwa rolnego z mo\u017cliwo\u015bci\u0105 aktywnego uczestnictwa w \u017cyciu wiejskim. Go\u015bcie mog\u0105 pomaga\u0107 przy codziennych pracach, obserwowa\u0107 wypas zwierz\u0105t, zbiera\u0107 warzywa czy owoce, ale te\u017c po prostu odpoczywa\u0107 w naturalnym, wiejskim otoczeniu. Agroturystyka to alternatywa dla hoteli i pensjonat\u00f3w &#8211; bardziej kameralna, autentyczna i cz\u0119sto znacznie ta\u0144sza. To doskona\u0142a opcja dla rodzin z dzie\u0107mi, par szukaj\u0105cych spokoju, a tak\u017ce dla wszystkich, kt\u00f3rzy chc\u0105 poczu\u0107 bliski kontakt z natur\u0105 i tradycj\u0105.<\/p>\n\n\n\n<h2 class=\"wp-block-heading\">Agroturystyka &#8211; Bieszczady<\/h2>\n\n\n\n<p>Agroturystyka w Bieszczadach to po\u0142\u0105czenie, kt\u00f3re sprawdza si\u0119 wyj\u0105tkowo dobrze. <strong>Region ten ma wszystko, czego potrzeba do takiego wypoczynku<\/strong>: rozleg\u0142e tereny rolnicze, tradycyjne wsie, hodowl\u0119 koni, owiec i byd\u0142a, a do tego przepi\u0119kne, g\u00f3rskie krajobrazy jako sta\u0142e t\u0142o. Oferta agroturystyczna w Bieszczadach jest bogata i zr\u00f3\u017cnicowana. Znajdziemy tu zar\u00f3wno skromne, rodzinne chaty z kilkoma pokojami, jak i dobrze wyposa\u017cone gospodarstwa z w\u0142asnym basenem, saun\u0105 czy stajni\u0105.<\/p>\n\n\n\n<p>Wiele gospodarstw oferuje regionalne, domowe jedzenie &#8211; \u017curek na zakwasie, barszcz z uszkami, oscypki i swojskie w\u0119dliny. Cz\u0119\u015b\u0107 z nich organizuje kulig zim\u0105, ogniska latem, warsztaty wyrobu sera czy lekcje jazdy konnej. To w\u0142a\u015bnie ta r\u00f3\u017cnorodno\u015b\u0107 sprawia, \u017ce agroturystyka w tym rejonie przyci\u0105ga turyst\u00f3w przez ca\u0142y rok, nie tylko w sezonie letnim.<\/p>\n\n\n\n<p>Do <strong>najpopularniejszych lokalizacji<\/strong> nale\u017c\u0105 okolice <strong>Leska, Ustrzyk Dolnych, Cisnej, Baligrodu oraz malowniczej Soliny<\/strong>. Miejscowo\u015bci te stanowi\u0105 doskona\u0142e bazy wypadowe zar\u00f3wno na szlaki piesze, jak i na Jezioro Soli\u0144skie. Gospodarstwa agroturystyczne rozsiane s\u0105 te\u017c w mniejszych wioskach, takich jak <strong>Smolnik, Zatwarnica czy Wo\u0142kowyja<\/strong>.<\/p>\n\n\n\n<p>Ten spos\u00f3b na wypoczynek naprawd\u0119 pozwala odci\u0105\u0107 si\u0119 od \u015bwiata i zanurzy\u0107 w ciszy bieszczadzkich las\u00f3w.<\/p>\n\n\n\n<h2 class=\"wp-block-heading\">Szlaki w Bieszczadach &#8211; dla kogo i dok\u0105d?<\/h2>\n\n\n<div class=\"wp-block-image\">\n<figure class=\"aligncenter size-large is-resized\"><img fetchpriority=\"high\" decoding=\"async\" width=\"1024\" height=\"1024\" src=\"https:\/\/wloczega.pl\/blog\/wp-content\/uploads\/2026\/04\/lawka-w-bieszczadach-martin-brechtl-1024x1024.jpg\" alt=\"\u0141awka na \u0142onie natury w Bieszczadach\" class=\"wp-image-1473\" style=\"width:760px;height:auto\" srcset=\"https:\/\/wloczega.pl\/blog\/wp-content\/uploads\/2026\/04\/lawka-w-bieszczadach-martin-brechtl-1024x1024.jpg 1024w, https:\/\/wloczega.pl\/blog\/wp-content\/uploads\/2026\/04\/lawka-w-bieszczadach-martin-brechtl-300x300.jpg 300w, https:\/\/wloczega.pl\/blog\/wp-content\/uploads\/2026\/04\/lawka-w-bieszczadach-martin-brechtl-150x150.jpg 150w, https:\/\/wloczega.pl\/blog\/wp-content\/uploads\/2026\/04\/lawka-w-bieszczadach-martin-brechtl-768x768.jpg 768w, https:\/\/wloczega.pl\/blog\/wp-content\/uploads\/2026\/04\/lawka-w-bieszczadach-martin-brechtl-1536x1536.jpg 1536w, https:\/\/wloczega.pl\/blog\/wp-content\/uploads\/2026\/04\/lawka-w-bieszczadach-martin-brechtl.jpg 1920w\" sizes=\"(max-width: 1024px) 100vw, 1024px\" \/><figcaption class=\"wp-element-caption\">\u0141awka na \u0142onie natury w Bieszczadach<\/figcaption><\/figure><\/div>\n\n\n<p>\u017badne wakacje w Bieszczadach nie by\u0142yby kompletne bez w\u0119dr\u00f3wek po tutejszych szlakach. Szlaki w Bieszczadach nale\u017c\u0105 do najpi\u0119kniejszych w Polsce, poniewa\u017c prowadz\u0105 g\u0142\u00f3wnie przez otwarte po\u0142oniny, gdzie rozci\u0105gaj\u0105 si\u0119 panoramy na setki kilometr\u00f3w dooko\u0142a, bez jednego budynku na horyzoncie.<\/p>\n\n\n\n<p>Bieszczadzki Park Narodowy obejmuje najcenniejsze przyrodniczo obszary regionu. <strong>Poruszanie si\u0119 po jego terenie odbywa si\u0119 wy\u0142\u0105cznie wyznaczonymi szlakami<\/strong>, co sprawia, \u017ce przyroda pozostaje tu nienaruszona i dzika w najlepszym sensie tego s\u0142owa.<\/p>\n\n\n\n<h3 class=\"wp-block-heading\">Popularne trasy<\/h3>\n\n\n\n<p>Najpopularniejszym celem jest <strong>Tarnica<\/strong>, czyli najwy\u017cszy szczyt polskich Bieszczad\u00f3w (1346 m n.p.m.). Szlak na ni\u0105 wiedzie z Wo\u0142osatego (miejscowo\u015b\u0107) i cho\u0107 jest wymagaj\u0105cy, to nagroda w postaci widok\u00f3w ze szczytu jest bezcenna. Niemniej popularna jest <strong>Po\u0142onina Wetli\u0144ska<\/strong>, dost\u0119pna z kilku stron, z charakterystycznym schroniskiem PTTK, kt\u00f3re od lat s\u0142u\u017cy w\u0119drowcom.<\/p>\n\n\n\n<p><strong>Dla mniej do\u015bwiadczonych turyst\u00f3w<\/strong> \u015bwietnym wyborem b\u0119dzie <strong>\u015acie\u017cka nad Sanem<\/strong> &#8211; niemal p\u0142aski, rodzinny szlak biegn\u0105cy wzd\u0142u\u017c g\u00f3rnego Sanu, przez rezerwat przyrody i lasy pe\u0142ne dzikiej fauny. To jeden z tych szlak\u00f3w, na kt\u00f3rych mo\u017cna natkn\u0105\u0107 si\u0119 na \u017cubra lub rysia &#8211; zupe\u0142nie niespodziewanie i w pe\u0142ni naturalnie. <strong>Jednak nale\u017cy pami\u0119ta\u0107, \u017ce kiedy przypadkiem spotkamy na swojej drodze dzikie zwierz\u0119ta &#8211; nie wolno si\u0119 do nich zbli\u017ca\u0107!<\/strong><\/p>\n\n\n\n<h2 class=\"wp-block-heading\">Kiedy jecha\u0107 w Bieszczady?<\/h2>\n\n\n<div class=\"wp-block-image\">\n<figure class=\"aligncenter size-large is-resized\"><img decoding=\"async\" width=\"1024\" height=\"683\" src=\"https:\/\/wloczega.pl\/blog\/wp-content\/uploads\/2026\/04\/bieszczady-zima-krystian-piatek-1024x683.jpg\" alt=\"Rzeka na terenie Bieszczad zim\u0105\" class=\"wp-image-1471\" style=\"width:874px;height:auto\" srcset=\"https:\/\/wloczega.pl\/blog\/wp-content\/uploads\/2026\/04\/bieszczady-zima-krystian-piatek-1024x683.jpg 1024w, https:\/\/wloczega.pl\/blog\/wp-content\/uploads\/2026\/04\/bieszczady-zima-krystian-piatek-300x200.jpg 300w, https:\/\/wloczega.pl\/blog\/wp-content\/uploads\/2026\/04\/bieszczady-zima-krystian-piatek-768x512.jpg 768w, https:\/\/wloczega.pl\/blog\/wp-content\/uploads\/2026\/04\/bieszczady-zima-krystian-piatek-1536x1024.jpg 1536w, https:\/\/wloczega.pl\/blog\/wp-content\/uploads\/2026\/04\/bieszczady-zima-krystian-piatek.jpg 1920w\" sizes=\"(max-width: 1024px) 100vw, 1024px\" \/><figcaption class=\"wp-element-caption\">Rzeka na terenie Bieszczad zim\u0105<\/figcaption><\/figure><\/div>\n\n\n<p>Bieszczady pi\u0119kne s\u0105 o ka\u017cdej porze roku, cho\u0107 ka\u017cda z nich oferuje zupe\u0142nie inne doznania. <strong>Lato<\/strong> to czas zielonych po\u0142onin, d\u0142ugich dni i ciep\u0142ych wieczor\u00f3w przy ognisku. <strong>Jesie\u0144<\/strong> przyci\u0105ga fotograf\u00f3w i romantyk\u00f3w &#8211; z\u0142oto-czerwone lasy i mg\u0142y snuj\u0105ce si\u0119 po dolinach tworz\u0105 obrazy jak z bajki. <strong>Zima<\/strong> zamienia ten teren w bia\u0142\u0105, niemal arktyczn\u0105 krain\u0119, gdzie agroturystyczne gospodarstwa zapraszaj\u0105 na kulig i grzane wino. Z kolei <strong>wiosna<\/strong> to eksplozja wielu kolor\u00f3w. Dodatkowo w tym czasie mo\u017cna zaobserwowa\u0107 ptaki powracaj\u0105ce do l\u0119gowisk.<\/p>\n\n\n\n<h3 class=\"wp-block-heading\">Kiedy jest szczyt sezonu w Bieszczadach? A kiedy jest spokojniej?<\/h3>\n\n\n\n<p>Je\u015bli zale\u017cy ci na spokoju i unikaniu t\u0142um\u00f3w, unikaj szczytu sezonu, czyli lipca i sierpnia w weekendy. Maj\u00f3wka, czerwiec czy wrzesie\u0144 to cz\u0119sto lepszy wyb\u00f3r: mniej turyst\u00f3w, ni\u017csze ceny i ta sama, zachwycaj\u0105ca przyroda.<\/p>\n\n\n\n<h2 class=\"wp-block-heading\">Praktyczne wskaz\u00f3wki przed wyjazdem na wakacje<\/h2>\n\n\n\n<p>Planuj\u0105c wakacje w Bieszczadach, warto pami\u0119ta\u0107 o kilku rzeczach:<\/p>\n\n\n\n<ul>\n<li>Po pierwsze &#8211; <strong>rezerwuj nocleg z wyprzedzeniem<\/strong>, szczeg\u00f3lnie je\u015bli wybierasz si\u0119 w sezonie. Popularne hotele i gospodarstwa agroturystyczne potrafi\u0105 by\u0107 zaj\u0119te na tygodnie, a nawet miesi\u0105ce wprz\u00f3d.<\/li>\n\n\n\n<li>Po drugie &#8211; <strong>zaplanuj tras\u0119<\/strong>, ale zostaw sobie te\u017c przestrze\u0144 na spontaniczne odkrycia: w\u0142a\u015bnie tu kryje si\u0119 bieszczadzki urok.<\/li>\n\n\n\n<li>Po trzecie &#8211; <strong>zabierz odpowiednie buty i warstwow\u0105 odzie\u017c<\/strong>, bo pogoda w g\u00f3rach potrafi zaskoczy\u0107 nawet w \u015brodku lata.<\/li>\n<\/ul>\n\n\n\n<p><\/p>\n\n\n\n<h3 class=\"wp-block-heading\">Mapy offline<\/h3>\n\n\n\n<p>Warto te\u017c <strong>zabra\u0107 ze sob\u0105 map\u0119 lub pobra\u0107 mapy szlak\u00f3w offline<\/strong> &#8211; zasi\u0119g telefoniczny w wielu cz\u0119\u015bciach Bieszczad\u00f3w bywa bardzo ograniczony lub zupe\u0142nie niedost\u0119pny. To czasami dla wielu turyst\u00f3w jest dodatkow\u0105 zalet\u0105: cyfrowy detoks wychodzi tu naturalnie i bez wysi\u0142ku. Wieczory sp\u0119dzane przy stole z gospodarzami, przy domowej kolacji i regionalnych opowie\u015bciach, spokojnie zast\u0119puj\u0105 przegl\u0105danie medi\u00f3w spo\u0142eczno\u015bciowych.<\/p>\n\n\n\n<h3 class=\"wp-block-heading\">Podr\u00f3\u017cowanie z dzie\u0107mi<\/h3>\n\n\n\n<p>Je\u015bli podr\u00f3\u017cujesz z dzie\u0107mi, agroturystyka w Bieszczadach to wyj\u0105tkowo trafiony wyb\u00f3r. Kontakt ze zwierz\u0119tami hodowlanymi; ko\u0144mi, owcami, krowami czy kurami, to dla wielu dzieci zupe\u0142nie nowe do\u015bwiadczenie. Wiele gospodarstw organizuje te\u017c zaj\u0119cia edukacyjne: pieczenie chleba, wyr\u00f3b mas\u0142a czy obserwacj\u0119 pracy pszczelarza. To nauka przez zabaw\u0119 w najczystszej postaci.<\/p>\n\n\n\n<h2 class=\"wp-block-heading\">Odetchnij na \u0142onie natury<\/h2>\n\n\n\n<p>Bieszczady to miejsce na wakacje na \u0142onie natury &#8211; pe\u0142ne zapachu trawy, \u015bpiewu ptak\u00f3w i gwiazd widocznych go\u0142ym okiem w bezchmurn\u0105 noc. Ka\u017cdy, kto raz tu dotrze, rozumie, dlaczego ludzie wracaj\u0105 tu rok po roku. I w\u0142a\u015bnie dlatego warto da\u0107 sobie szans\u0119 na to odkrycie.<\/p>\n","protected":false},"excerpt":{"rendered":"<p>Bieszczady od lat przyci\u0105gaj\u0105 tych, kt\u00f3rzy szukaj\u0105 ucieczki od miejskiego zgie\u0142ku. To jeden z najdzikszych i najmniej zurbanizowanych zak\u0105tk\u00f3w Polski &#8211; miejsce, gdzie po\u0142oniny ton\u0105 we mgle, wilki przemierzaj\u0105 lasy, a czas p\u0142ynie wyra\u017anie wolniej. Je\u015bli marzysz o wakacjach z dala od t\u0142um\u00f3w, z widokiem na bezkresne wzg\u00f3rza i \u015bwie\u017cym powietrzem w p\u0142ucach, wakacje w [&hellip;]<\/p>\n","protected":false},"author":1,"featured_media":1472,"comment_status":"open","ping_status":"open","sticky":false,"template":"","format":"standard","meta":{"footnotes":""},"categories":[4,1],"tags":[884,882,887,883,879,880,890,885,881,891,886,894,454,889,892,893,888,896],"yoast_head":"<!-- This site is optimized with the Yoast SEO plugin v20.3 - https:\/\/yoast.com\/wordpress\/plugins\/seo\/ -->\n<title>Wakacje w Bieszczadach - dzika przyroda, cisza i spok\u00f3j - W\u0142\u00f3cz\u0119ga Blog<\/title>\n<meta name=\"robots\" content=\"index, follow, max-snippet:-1, max-image-preview:large, max-video-preview:-1\" \/>\n<link rel=\"canonical\" href=\"https:\/\/wloczega.pl\/blog\/wakacje-w-bieszczadach-dzika-przyroda-cisza-i-spokoj\/\" \/>\n<meta property=\"og:locale\" content=\"pl_PL\" \/>\n<meta property=\"og:type\" content=\"article\" \/>\n<meta property=\"og:title\" content=\"Wakacje w Bieszczadach - dzika przyroda, cisza i spok\u00f3j - W\u0142\u00f3cz\u0119ga Blog\" \/>\n<meta property=\"og:description\" content=\"Bieszczady od lat przyci\u0105gaj\u0105 tych, kt\u00f3rzy szukaj\u0105 ucieczki od miejskiego zgie\u0142ku. To jeden z najdzikszych i najmniej zurbanizowanych zak\u0105tk\u00f3w Polski &#8211; miejsce, gdzie po\u0142oniny ton\u0105 we mgle, wilki przemierzaj\u0105 lasy, a czas p\u0142ynie wyra\u017anie wolniej. Je\u015bli marzysz o wakacjach z dala od t\u0142um\u00f3w, z widokiem na bezkresne wzg\u00f3rza i \u015bwie\u017cym powietrzem w p\u0142ucach, wakacje w [&hellip;]\" \/>\n<meta property=\"og:url\" content=\"https:\/\/wloczega.pl\/blog\/wakacje-w-bieszczadach-dzika-przyroda-cisza-i-spokoj\/\" \/>\n<meta property=\"og:site_name\" content=\"W\u0142\u00f3cz\u0119ga Blog\" \/>\n<meta property=\"article:published_time\" content=\"2026-04-26T17:01:00+00:00\" \/>\n<meta property=\"article:modified_time\" content=\"2026-04-23T19:07:05+00:00\" \/>\n<meta property=\"og:image\" content=\"https:\/\/wloczega.pl\/blog\/wp-content\/uploads\/2026\/04\/szlak-na-tarnice-wojciech-celinski.jpg\" \/>\n\t<meta property=\"og:image:width\" content=\"1920\" \/>\n\t<meta property=\"og:image:height\" content=\"1280\" \/>\n\t<meta property=\"og:image:type\" content=\"image\/jpeg\" \/>\n<meta name=\"author\" content=\"admin\" \/>\n<meta name=\"twitter:card\" content=\"summary_large_image\" \/>\n<meta name=\"twitter:label1\" content=\"Napisane przez\" \/>\n\t<meta name=\"twitter:data1\" content=\"admin\" \/>\n\t<meta name=\"twitter:label2\" content=\"Szacowany czas czytania\" \/>\n\t<meta name=\"twitter:data2\" content=\"6 minut\" \/>\n<script type=\"application\/ld+json\" class=\"yoast-schema-graph\">{\"@context\":\"https:\/\/schema.org\",\"@graph\":[{\"@type\":\"Article\",\"@id\":\"https:\/\/wloczega.pl\/blog\/wakacje-w-bieszczadach-dzika-przyroda-cisza-i-spokoj\/#article\",\"isPartOf\":{\"@id\":\"https:\/\/wloczega.pl\/blog\/wakacje-w-bieszczadach-dzika-przyroda-cisza-i-spokoj\/\"},\"author\":{\"name\":\"admin\",\"@id\":\"https:\/\/wloczega.pl\/blog\/#\/schema\/person\/d03791ddd90e77202accd03569d175a0\"},\"headline\":\"Wakacje w Bieszczadach &#8211; dzika przyroda, cisza i spok\u00f3j\",\"datePublished\":\"2026-04-26T17:01:00+00:00\",\"dateModified\":\"2026-04-23T19:07:05+00:00\",\"mainEntityOfPage\":{\"@id\":\"https:\/\/wloczega.pl\/blog\/wakacje-w-bieszczadach-dzika-przyroda-cisza-i-spokoj\/\"},\"wordCount\":1113,\"commentCount\":0,\"publisher\":{\"@id\":\"https:\/\/wloczega.pl\/blog\/#organization\"},\"keywords\":[\"agroturystyka Bieszczady\",\"agroturystyka w Bieszczadach\",\"Baligr\u00f3d\",\"Cisna\",\"Jezioro Soli\u0144skie\",\"kiedy jecha\u0107 w Bieszczady\",\"kiedy jest szczyt sezonu w Bieszczadach\",\"Lesko\",\"podr\u00f3\u017cowanie z dzie\u0107mi\",\"San\",\"\u015bcie\u017cka nad Sanem\",\"Solina\",\"szlaki w bieszczadach\",\"trasa nad Sanem\",\"Ustrzyki Dolne\",\"wakacje w Bieszczadach\",\"wakacje z dzie\u0107mi w Bieszczadach\",\"wskaz\u00f3wki przed wyjazdem w Bieszczady\"],\"articleSection\":[\"Inspiracje\",\"Poradniki\"],\"inLanguage\":\"pl-PL\",\"potentialAction\":[{\"@type\":\"CommentAction\",\"name\":\"Comment\",\"target\":[\"https:\/\/wloczega.pl\/blog\/wakacje-w-bieszczadach-dzika-przyroda-cisza-i-spokoj\/#respond\"]}]},{\"@type\":\"WebPage\",\"@id\":\"https:\/\/wloczega.pl\/blog\/wakacje-w-bieszczadach-dzika-przyroda-cisza-i-spokoj\/\",\"url\":\"https:\/\/wloczega.pl\/blog\/wakacje-w-bieszczadach-dzika-przyroda-cisza-i-spokoj\/\",\"name\":\"Wakacje w Bieszczadach - dzika przyroda, cisza i spok\u00f3j - W\u0142\u00f3cz\u0119ga Blog\",\"isPartOf\":{\"@id\":\"https:\/\/wloczega.pl\/blog\/#website\"},\"datePublished\":\"2026-04-26T17:01:00+00:00\",\"dateModified\":\"2026-04-23T19:07:05+00:00\",\"breadcrumb\":{\"@id\":\"https:\/\/wloczega.pl\/blog\/wakacje-w-bieszczadach-dzika-przyroda-cisza-i-spokoj\/#breadcrumb\"},\"inLanguage\":\"pl-PL\",\"potentialAction\":[{\"@type\":\"ReadAction\",\"target\":[\"https:\/\/wloczega.pl\/blog\/wakacje-w-bieszczadach-dzika-przyroda-cisza-i-spokoj\/\"]}]},{\"@type\":\"BreadcrumbList\",\"@id\":\"https:\/\/wloczega.pl\/blog\/wakacje-w-bieszczadach-dzika-przyroda-cisza-i-spokoj\/#breadcrumb\",\"itemListElement\":[{\"@type\":\"ListItem\",\"position\":1,\"name\":\"Strona g\u0142\u00f3wna\",\"item\":\"https:\/\/wloczega.pl\/blog\/\"},{\"@type\":\"ListItem\",\"position\":2,\"name\":\"Wakacje w Bieszczadach &#8211; dzika przyroda, cisza i spok\u00f3j\"}]},{\"@type\":\"WebSite\",\"@id\":\"https:\/\/wloczega.pl\/blog\/#website\",\"url\":\"https:\/\/wloczega.pl\/blog\/\",\"name\":\"W\u0142\u00f3cz\u0119ga Blog\",\"description\":\"Blog turystyczny, porady, informacje.\",\"publisher\":{\"@id\":\"https:\/\/wloczega.pl\/blog\/#organization\"},\"potentialAction\":[{\"@type\":\"SearchAction\",\"target\":{\"@type\":\"EntryPoint\",\"urlTemplate\":\"https:\/\/wloczega.pl\/blog\/?s={search_term_string}\"},\"query-input\":\"required name=search_term_string\"}],\"inLanguage\":\"pl-PL\"},{\"@type\":\"Organization\",\"@id\":\"https:\/\/wloczega.pl\/blog\/#organization\",\"name\":\"W\u0142\u00f3cz\u0119ga Blog\",\"url\":\"https:\/\/wloczega.pl\/blog\/\",\"logo\":{\"@type\":\"ImageObject\",\"inLanguage\":\"pl-PL\",\"@id\":\"https:\/\/wloczega.pl\/blog\/#\/schema\/logo\/image\/\",\"url\":\"https:\/\/wloczega.pl\/blog\/wp-content\/uploads\/2020\/12\/cropped-wloczega-logo-150.png\",\"contentUrl\":\"https:\/\/wloczega.pl\/blog\/wp-content\/uploads\/2020\/12\/cropped-wloczega-logo-150.png\",\"width\":150,\"height\":150,\"caption\":\"W\u0142\u00f3cz\u0119ga Blog\"},\"image\":{\"@id\":\"https:\/\/wloczega.pl\/blog\/#\/schema\/logo\/image\/\"}},{\"@type\":\"Person\",\"@id\":\"https:\/\/wloczega.pl\/blog\/#\/schema\/person\/d03791ddd90e77202accd03569d175a0\",\"name\":\"admin\",\"image\":{\"@type\":\"ImageObject\",\"inLanguage\":\"pl-PL\",\"@id\":\"https:\/\/wloczega.pl\/blog\/#\/schema\/person\/image\/\",\"url\":\"https:\/\/secure.gravatar.com\/avatar\/4e28ef1ebb79d16e9cc51fac33f3e53f?s=96&d=mm&r=g\",\"contentUrl\":\"https:\/\/secure.gravatar.com\/avatar\/4e28ef1ebb79d16e9cc51fac33f3e53f?s=96&d=mm&r=g\",\"caption\":\"admin\"},\"url\":\"https:\/\/wloczega.pl\/blog\/author\/admin\/\"}]}<\/script>\n<!-- \/ Yoast SEO plugin. -->","yoast_head_json":{"title":"Wakacje w Bieszczadach - dzika przyroda, cisza i spok\u00f3j - W\u0142\u00f3cz\u0119ga Blog","robots":{"index":"index","follow":"follow","max-snippet":"max-snippet:-1","max-image-preview":"max-image-preview:large","max-video-preview":"max-video-preview:-1"},"canonical":"https:\/\/wloczega.pl\/blog\/wakacje-w-bieszczadach-dzika-przyroda-cisza-i-spokoj\/","og_locale":"pl_PL","og_type":"article","og_title":"Wakacje w Bieszczadach - dzika przyroda, cisza i spok\u00f3j - W\u0142\u00f3cz\u0119ga Blog","og_description":"Bieszczady od lat przyci\u0105gaj\u0105 tych, kt\u00f3rzy szukaj\u0105 ucieczki od miejskiego zgie\u0142ku. To jeden z najdzikszych i najmniej zurbanizowanych zak\u0105tk\u00f3w Polski &#8211; miejsce, gdzie po\u0142oniny ton\u0105 we mgle, wilki przemierzaj\u0105 lasy, a czas p\u0142ynie wyra\u017anie wolniej. Je\u015bli marzysz o wakacjach z dala od t\u0142um\u00f3w, z widokiem na bezkresne wzg\u00f3rza i \u015bwie\u017cym powietrzem w p\u0142ucach, wakacje w [&hellip;]","og_url":"https:\/\/wloczega.pl\/blog\/wakacje-w-bieszczadach-dzika-przyroda-cisza-i-spokoj\/","og_site_name":"W\u0142\u00f3cz\u0119ga Blog","article_published_time":"2026-04-26T17:01:00+00:00","article_modified_time":"2026-04-23T19:07:05+00:00","og_image":[{"width":1920,"height":1280,"url":"https:\/\/wloczega.pl\/blog\/wp-content\/uploads\/2026\/04\/szlak-na-tarnice-wojciech-celinski.jpg","type":"image\/jpeg"}],"author":"admin","twitter_card":"summary_large_image","twitter_misc":{"Napisane przez":"admin","Szacowany czas czytania":"6 minut"},"schema":{"@context":"https:\/\/schema.org","@graph":[{"@type":"Article","@id":"https:\/\/wloczega.pl\/blog\/wakacje-w-bieszczadach-dzika-przyroda-cisza-i-spokoj\/#article","isPartOf":{"@id":"https:\/\/wloczega.pl\/blog\/wakacje-w-bieszczadach-dzika-przyroda-cisza-i-spokoj\/"},"author":{"name":"admin","@id":"https:\/\/wloczega.pl\/blog\/#\/schema\/person\/d03791ddd90e77202accd03569d175a0"},"headline":"Wakacje w Bieszczadach &#8211; dzika przyroda, cisza i spok\u00f3j","datePublished":"2026-04-26T17:01:00+00:00","dateModified":"2026-04-23T19:07:05+00:00","mainEntityOfPage":{"@id":"https:\/\/wloczega.pl\/blog\/wakacje-w-bieszczadach-dzika-przyroda-cisza-i-spokoj\/"},"wordCount":1113,"commentCount":0,"publisher":{"@id":"https:\/\/wloczega.pl\/blog\/#organization"},"keywords":["agroturystyka Bieszczady","agroturystyka w Bieszczadach","Baligr\u00f3d","Cisna","Jezioro Soli\u0144skie","kiedy jecha\u0107 w Bieszczady","kiedy jest szczyt sezonu w Bieszczadach","Lesko","podr\u00f3\u017cowanie z dzie\u0107mi","San","\u015bcie\u017cka nad Sanem","Solina","szlaki w bieszczadach","trasa nad Sanem","Ustrzyki Dolne","wakacje w Bieszczadach","wakacje z dzie\u0107mi w Bieszczadach","wskaz\u00f3wki przed wyjazdem w Bieszczady"],"articleSection":["Inspiracje","Poradniki"],"inLanguage":"pl-PL","potentialAction":[{"@type":"CommentAction","name":"Comment","target":["https:\/\/wloczega.pl\/blog\/wakacje-w-bieszczadach-dzika-przyroda-cisza-i-spokoj\/#respond"]}]},{"@type":"WebPage","@id":"https:\/\/wloczega.pl\/blog\/wakacje-w-bieszczadach-dzika-przyroda-cisza-i-spokoj\/","url":"https:\/\/wloczega.pl\/blog\/wakacje-w-bieszczadach-dzika-przyroda-cisza-i-spokoj\/","name":"Wakacje w Bieszczadach - dzika przyroda, cisza i spok\u00f3j - W\u0142\u00f3cz\u0119ga Blog","isPartOf":{"@id":"https:\/\/wloczega.pl\/blog\/#website"},"datePublished":"2026-04-26T17:01:00+00:00","dateModified":"2026-04-23T19:07:05+00:00","breadcrumb":{"@id":"https:\/\/wloczega.pl\/blog\/wakacje-w-bieszczadach-dzika-przyroda-cisza-i-spokoj\/#breadcrumb"},"inLanguage":"pl-PL","potentialAction":[{"@type":"ReadAction","target":["https:\/\/wloczega.pl\/blog\/wakacje-w-bieszczadach-dzika-przyroda-cisza-i-spokoj\/"]}]},{"@type":"BreadcrumbList","@id":"https:\/\/wloczega.pl\/blog\/wakacje-w-bieszczadach-dzika-przyroda-cisza-i-spokoj\/#breadcrumb","itemListElement":[{"@type":"ListItem","position":1,"name":"Strona g\u0142\u00f3wna","item":"https:\/\/wloczega.pl\/blog\/"},{"@type":"ListItem","position":2,"name":"Wakacje w Bieszczadach &#8211; dzika przyroda, cisza i spok\u00f3j"}]},{"@type":"WebSite","@id":"https:\/\/wloczega.pl\/blog\/#website","url":"https:\/\/wloczega.pl\/blog\/","name":"W\u0142\u00f3cz\u0119ga Blog","description":"Blog turystyczny, porady, informacje.","publisher":{"@id":"https:\/\/wloczega.pl\/blog\/#organization"},"potentialAction":[{"@type":"SearchAction","target":{"@type":"EntryPoint","urlTemplate":"https:\/\/wloczega.pl\/blog\/?s={search_term_string}"},"query-input":"required name=search_term_string"}],"inLanguage":"pl-PL"},{"@type":"Organization","@id":"https:\/\/wloczega.pl\/blog\/#organization","name":"W\u0142\u00f3cz\u0119ga Blog","url":"https:\/\/wloczega.pl\/blog\/","logo":{"@type":"ImageObject","inLanguage":"pl-PL","@id":"https:\/\/wloczega.pl\/blog\/#\/schema\/logo\/image\/","url":"https:\/\/wloczega.pl\/blog\/wp-content\/uploads\/2020\/12\/cropped-wloczega-logo-150.png","contentUrl":"https:\/\/wloczega.pl\/blog\/wp-content\/uploads\/2020\/12\/cropped-wloczega-logo-150.png","width":150,"height":150,"caption":"W\u0142\u00f3cz\u0119ga Blog"},"image":{"@id":"https:\/\/wloczega.pl\/blog\/#\/schema\/logo\/image\/"}},{"@type":"Person","@id":"https:\/\/wloczega.pl\/blog\/#\/schema\/person\/d03791ddd90e77202accd03569d175a0","name":"admin","image":{"@type":"ImageObject","inLanguage":"pl-PL","@id":"https:\/\/wloczega.pl\/blog\/#\/schema\/person\/image\/","url":"https:\/\/secure.gravatar.com\/avatar\/4e28ef1ebb79d16e9cc51fac33f3e53f?s=96&d=mm&r=g","contentUrl":"https:\/\/secure.gravatar.com\/avatar\/4e28ef1ebb79d16e9cc51fac33f3e53f?s=96&d=mm&r=g","caption":"admin"},"url":"https:\/\/wloczega.pl\/blog\/author\/admin\/"}]}},"_links":{"self":[{"href":"https:\/\/wloczega.pl\/blog\/wp-json\/wp\/v2\/posts\/1460"}],"collection":[{"href":"https:\/\/wloczega.pl\/blog\/wp-json\/wp\/v2\/posts"}],"about":[{"href":"https:\/\/wloczega.pl\/blog\/wp-json\/wp\/v2\/types\/post"}],"author":[{"embeddable":true,"href":"https:\/\/wloczega.pl\/blog\/wp-json\/wp\/v2\/users\/1"}],"replies":[{"embeddable":true,"href":"https:\/\/wloczega.pl\/blog\/wp-json\/wp\/v2\/comments?post=1460"}],"version-history":[{"count":16,"href":"https:\/\/wloczega.pl\/blog\/wp-json\/wp\/v2\/posts\/1460\/revisions"}],"predecessor-version":[{"id":1480,"href":"https:\/\/wloczega.pl\/blog\/wp-json\/wp\/v2\/posts\/1460\/revisions\/1480"}],"wp:featuredmedia":[{"embeddable":true,"href":"https:\/\/wloczega.pl\/blog\/wp-json\/wp\/v2\/media\/1472"}],"wp:attachment":[{"href":"https:\/\/wloczega.pl\/blog\/wp-json\/wp\/v2\/media?parent=1460"}],"wp:term":[{"taxonomy":"category","embeddable":true,"href":"https:\/\/wloczega.pl\/blog\/wp-json\/wp\/v2\/categories?post=1460"},{"taxonomy":"post_tag","embeddable":true,"href":"https:\/\/wloczega.pl\/blog\/wp-json\/wp\/v2\/tags?post=1460"}],"curies":[{"name":"wp","href":"https:\/\/api.w.org\/{rel}","templated":true}]}}