{"id":225,"date":"2022-03-20T15:21:32","date_gmt":"2022-03-20T14:21:32","guid":{"rendered":"https:\/\/wloczega.pl\/blog\/?p=225"},"modified":"2025-07-04T09:05:56","modified_gmt":"2025-07-04T07:05:56","slug":"noc-pod-turbaczem-namiot-ogien-i-dzwieki-lasu","status":"publish","type":"post","link":"https:\/\/wloczega.pl\/blog\/noc-pod-turbaczem-namiot-ogien-i-dzwieki-lasu\/","title":{"rendered":"Noc pod Turbaczem, namiot, ogie\u0144 i d\u017awi\u0119ki lasu"},"content":{"rendered":"\n<p>Noc w lesie pod namiotem to niesamowite prze\u017cycie, daj\u0105ce mn\u00f3stwo satysfakcji z kontaktu z natur\u0105. Szczeg\u00f3lnie spanie w lesie na dziko to niezapomniana przygoda. Aby biwakowanie w lesie by\u0142o udane, musisz pami\u0119ta\u0107 o odpowiednim stroju i ekwipunku. Zobacz jaki sprz\u0119t testowali\u015bmy podczas naszego wypadu i poczuj niepowtarzaln\u0105 atmosfer\u0119, jak\u0105 ma noc w lesie, sp\u0119dzana przy trzaskaj\u0105cym ogniu. Rusz razem z nami ku najwy\u017cszemu szczytowi Gorc\u00f3w i zobacz, jak pod Turbaczem rozbili\u015bmy biwak w lesie youtube.<\/p>\n\n\n\n<figure class=\"wp-block-embed is-type-video is-provider-youtube wp-block-embed-youtube wp-embed-aspect-16-9 wp-has-aspect-ratio\"><div class=\"wp-block-embed__wrapper\">\n<iframe title=\"Noc pod Turbaczem, namiot, ogie\u0144 i d\u017awi\u0119ki lasu\" width=\"800\" height=\"450\" src=\"https:\/\/www.youtube.com\/embed\/dNUKkPC1udI?feature=oembed\" frameborder=\"0\" allow=\"accelerometer; autoplay; clipboard-write; encrypted-media; gyroscope; picture-in-picture\" allowfullscreen><\/iframe>\n<\/div><\/figure>\n\n\n\n<p>Gorce &nbsp;to beskidzkie pasmo g\u00f3rskie, kt\u00f3re przyci\u0105ga malowniczymi widokami i dobrze zachowan\u0105 przyrod\u0105. To tereny idealnie dostosowane do d\u0142ugich, spokojnych w\u0119dr\u00f3wek. To r\u00f3wnie\u017c obszar, kt\u00f3ry idealnie nadaje si\u0119 na biwakowanie pod namiotem. Je\u015bli wybieraj\u0105c si\u0119 w g\u00f3ry, planujesz nocleg w lesie, musisz oczywi\u015bcie zastanowi\u0107 si\u0119, jak chcesz sp\u0119dzi\u0107 noc. Bushcraft \u0142\u0105czy osoby o rozmaitych upodobaniach co do form kontaktu z natur\u0105. Z pewno\u015bci\u0105 niejeden w\u0142\u00f3czykij uzna, \u017ce spanie w lesie nie wymaga niczego wi\u0119cej ni\u017c dobry \u015bpiw\u00f3r. My jednak zdecydowali\u015bmy, \u017ce namiot 2 osobowy jest dok\u0142adnie tym, czego potrzebujemy. Nasz wyb\u00f3r pad\u0142 na jeden z modeli namiot\u00f3w Naturehike, zaopatrzyli\u015bmy si\u0119 r\u00f3wnie\u017c w \u015bpiwory Cumulus. Przygotowuj\u0105c ognisko, testowa\u0142em pi\u0142k\u0119 Opinel.&nbsp;<\/p>\n\n\n\n<p>Zobacz, jak wygl\u0105da\u0142 biwak pod Turbaczem i przygotuj si\u0119 do w\u0142asnej w\u0119dr\u00f3wki. Spanie w namiocie w lesie, z dala od innych ludzi to zupe\u0142nie co innego ni\u017c biwakowanie na polu namiotowym. Jedyna w swoim rodzaju muzyka nocnego lasu robi niesamowite wra\u017cenie, nie tylko na nowicjuszach. Sam biwak pod namiotem jest w gruncie rzeczy do\u015b\u0107 komfortowy, bo obecnie dost\u0119pny sprz\u0119t turystyczny spe\u0142nia naprawd\u0119 wysokie standardy. Zach\u0119camy do osobistego sprawdzenia, czym jest prawdziwy bushcraft. Polska jest wyj\u0105tkowym pa\u0144stwem, w kt\u00f3rym lasy wci\u0105\u017c zajmuj\u0105 rozleg\u0142e terytoria. Praktycznie w ka\u017cdym rejonie kraju znajdziesz interesuj\u0105ce miejsca, w kt\u00f3rych warto sp\u0119dzi\u0107 noc pod namiotem z dala od cywilizacji i towarzystwa ha\u0142a\u015bliwych t\u0142um\u00f3w.<\/p>\n\n\n\n<h2 class=\"wp-block-heading\">Podobne wpisy:<\/h2>\n\n\n\n<ul>\n<li><a href=\"http:\/\/wloczega.pl\/blog\/noc-w-namiocie-na-1310-m-n-p-m-pierwsza-sota\/\">Pierwsza SOTA &#8211; czyli noc w namiocie na 1310m n. p. m.<\/a><\/li>\n\n\n\n<li><a href=\"https:\/\/wloczega.pl\/blog\/koszulka-mountains-are-calling-and-i-must-go-jako-idealna-koszulka-w-gory\/\">Koszulka &#8222;mountains are calling and i must go&#8221; jako idealna koszulka w g\u00f3ry<\/a><\/li>\n\n\n\n<li><a href=\"http:\/\/www.wloczega.pl\/blog\/wedrowka-szlakami-ze-szczawnika-beskid-sadecki\/\">W\u0119dr\u00f3wka szlakami ze szczawnika beskid s\u0105decki<\/a><\/li>\n\n\n\n<li><a href=\"http:\/\/wloczega.pl\/blog\/jesienna-noc-pod-tarpem-najpiekniejsza-lyzeczka-na-swiecie\/\">Jesienna noc pod tarpem<\/a><\/li>\n\n\n\n<li><a href=\"https:\/\/www.wloczega.pl\/blog\/prawie-samotna-noc-w-lesie-spanie-w-hamaku-test-podpinki\/\">Prawie samotna noc w lesie spanie w hamaku &#8211; test podpinki<\/a><\/li>\n<\/ul>\n","protected":false},"excerpt":{"rendered":"<p>Noc w lesie pod namiotem to niesamowite prze\u017cycie, daj\u0105ce mn\u00f3stwo satysfakcji z kontaktu z natur\u0105. Szczeg\u00f3lnie spanie w lesie na dziko to niezapomniana przygoda. Aby biwakowanie w lesie by\u0142o udane, musisz pami\u0119ta\u0107 o odpowiednim stroju i ekwipunku. Zobacz jaki sprz\u0119t testowali\u015bmy podczas naszego wypadu i poczuj niepowtarzaln\u0105 atmosfer\u0119, jak\u0105 ma noc w lesie, sp\u0119dzana przy [&hellip;]<\/p>\n","protected":false},"author":1,"featured_media":230,"comment_status":"open","ping_status":"open","sticky":false,"template":"","format":"standard","meta":{"footnotes":""},"categories":[31],"tags":[12,86,25,21,13,93,20,76,16,81,88,90,14,91,87,92,89,77],"yoast_head":"<!-- This site is optimized with the Yoast SEO plugin v20.3 - https:\/\/yoast.com\/wordpress\/plugins\/seo\/ -->\n<title>Noc pod Turbaczem, namiot, ogie\u0144 i d\u017awi\u0119ki lasu - W\u0142\u00f3cz\u0119ga Blog<\/title>\n<meta name=\"robots\" content=\"index, follow, max-snippet:-1, max-image-preview:large, max-video-preview:-1\" \/>\n<link rel=\"canonical\" href=\"https:\/\/wloczega.pl\/blog\/noc-pod-turbaczem-namiot-ogien-i-dzwieki-lasu\/\" \/>\n<meta property=\"og:locale\" content=\"pl_PL\" \/>\n<meta property=\"og:type\" content=\"article\" \/>\n<meta property=\"og:title\" content=\"Noc pod Turbaczem, namiot, ogie\u0144 i d\u017awi\u0119ki lasu - W\u0142\u00f3cz\u0119ga Blog\" \/>\n<meta property=\"og:description\" content=\"Noc w lesie pod namiotem to niesamowite prze\u017cycie, daj\u0105ce mn\u00f3stwo satysfakcji z kontaktu z natur\u0105. Szczeg\u00f3lnie spanie w lesie na dziko to niezapomniana przygoda. Aby biwakowanie w lesie by\u0142o udane, musisz pami\u0119ta\u0107 o odpowiednim stroju i ekwipunku. Zobacz jaki sprz\u0119t testowali\u015bmy podczas naszego wypadu i poczuj niepowtarzaln\u0105 atmosfer\u0119, jak\u0105 ma noc w lesie, sp\u0119dzana przy [&hellip;]\" \/>\n<meta property=\"og:url\" content=\"https:\/\/wloczega.pl\/blog\/noc-pod-turbaczem-namiot-ogien-i-dzwieki-lasu\/\" \/>\n<meta property=\"og:site_name\" content=\"W\u0142\u00f3cz\u0119ga Blog\" \/>\n<meta property=\"article:published_time\" content=\"2022-03-20T14:21:32+00:00\" \/>\n<meta property=\"article:modified_time\" content=\"2025-07-04T07:05:56+00:00\" \/>\n<meta property=\"og:image\" content=\"https:\/\/wloczega.pl\/blog\/wp-content\/uploads\/2022\/03\/noc-pod-turbaczem.jpg\" \/>\n\t<meta property=\"og:image:width\" content=\"1280\" \/>\n\t<meta property=\"og:image:height\" content=\"720\" \/>\n\t<meta property=\"og:image:type\" content=\"image\/jpeg\" \/>\n<meta name=\"author\" content=\"admin\" \/>\n<meta name=\"twitter:card\" content=\"summary_large_image\" \/>\n<meta name=\"twitter:label1\" content=\"Napisane przez\" \/>\n\t<meta name=\"twitter:data1\" content=\"admin\" \/>\n\t<meta name=\"twitter:label2\" content=\"Szacowany czas czytania\" \/>\n\t<meta name=\"twitter:data2\" content=\"2 minuty\" \/>\n<script type=\"application\/ld+json\" class=\"yoast-schema-graph\">{\"@context\":\"https:\/\/schema.org\",\"@graph\":[{\"@type\":\"Article\",\"@id\":\"https:\/\/wloczega.pl\/blog\/noc-pod-turbaczem-namiot-ogien-i-dzwieki-lasu\/#article\",\"isPartOf\":{\"@id\":\"https:\/\/wloczega.pl\/blog\/noc-pod-turbaczem-namiot-ogien-i-dzwieki-lasu\/\"},\"author\":{\"name\":\"admin\",\"@id\":\"https:\/\/wloczega.pl\/blog\/#\/schema\/person\/d03791ddd90e77202accd03569d175a0\"},\"headline\":\"Noc pod Turbaczem, namiot, ogie\u0144 i d\u017awi\u0119ki lasu\",\"datePublished\":\"2022-03-20T14:21:32+00:00\",\"dateModified\":\"2025-07-04T07:05:56+00:00\",\"mainEntityOfPage\":{\"@id\":\"https:\/\/wloczega.pl\/blog\/noc-pod-turbaczem-namiot-ogien-i-dzwieki-lasu\/\"},\"wordCount\":422,\"commentCount\":0,\"publisher\":{\"@id\":\"https:\/\/wloczega.pl\/blog\/#organization\"},\"keywords\":[\"biwak\",\"biwak pod namiotem\",\"biwak w lesie\",\"biwak w lesie youtube\",\"biwakowanie\",\"biwakowanie pod namiotem\",\"biwakowanie w lesie\",\"buschcraft\",\"bushcraft polska\",\"gorce\",\"namiot 2 osobowy\",\"noc pod namiotem\",\"noc w lesie\",\"noc w lesie pod namiotem\",\"spanie w lesie\",\"spanie w lesie na dziko\",\"spanie w namiocie\",\"turbacz\"],\"articleSection\":[\"Filmy\"],\"inLanguage\":\"pl-PL\",\"potentialAction\":[{\"@type\":\"CommentAction\",\"name\":\"Comment\",\"target\":[\"https:\/\/wloczega.pl\/blog\/noc-pod-turbaczem-namiot-ogien-i-dzwieki-lasu\/#respond\"]}]},{\"@type\":\"WebPage\",\"@id\":\"https:\/\/wloczega.pl\/blog\/noc-pod-turbaczem-namiot-ogien-i-dzwieki-lasu\/\",\"url\":\"https:\/\/wloczega.pl\/blog\/noc-pod-turbaczem-namiot-ogien-i-dzwieki-lasu\/\",\"name\":\"Noc pod Turbaczem, namiot, ogie\u0144 i d\u017awi\u0119ki lasu - W\u0142\u00f3cz\u0119ga Blog\",\"isPartOf\":{\"@id\":\"https:\/\/wloczega.pl\/blog\/#website\"},\"datePublished\":\"2022-03-20T14:21:32+00:00\",\"dateModified\":\"2025-07-04T07:05:56+00:00\",\"breadcrumb\":{\"@id\":\"https:\/\/wloczega.pl\/blog\/noc-pod-turbaczem-namiot-ogien-i-dzwieki-lasu\/#breadcrumb\"},\"inLanguage\":\"pl-PL\",\"potentialAction\":[{\"@type\":\"ReadAction\",\"target\":[\"https:\/\/wloczega.pl\/blog\/noc-pod-turbaczem-namiot-ogien-i-dzwieki-lasu\/\"]}]},{\"@type\":\"BreadcrumbList\",\"@id\":\"https:\/\/wloczega.pl\/blog\/noc-pod-turbaczem-namiot-ogien-i-dzwieki-lasu\/#breadcrumb\",\"itemListElement\":[{\"@type\":\"ListItem\",\"position\":1,\"name\":\"Strona g\u0142\u00f3wna\",\"item\":\"https:\/\/wloczega.pl\/blog\/\"},{\"@type\":\"ListItem\",\"position\":2,\"name\":\"Noc pod Turbaczem, namiot, ogie\u0144 i d\u017awi\u0119ki lasu\"}]},{\"@type\":\"WebSite\",\"@id\":\"https:\/\/wloczega.pl\/blog\/#website\",\"url\":\"https:\/\/wloczega.pl\/blog\/\",\"name\":\"W\u0142\u00f3cz\u0119ga Blog\",\"description\":\"Blog turystyczny, porady, informacje.\",\"publisher\":{\"@id\":\"https:\/\/wloczega.pl\/blog\/#organization\"},\"potentialAction\":[{\"@type\":\"SearchAction\",\"target\":{\"@type\":\"EntryPoint\",\"urlTemplate\":\"https:\/\/wloczega.pl\/blog\/?s={search_term_string}\"},\"query-input\":\"required name=search_term_string\"}],\"inLanguage\":\"pl-PL\"},{\"@type\":\"Organization\",\"@id\":\"https:\/\/wloczega.pl\/blog\/#organization\",\"name\":\"W\u0142\u00f3cz\u0119ga Blog\",\"url\":\"https:\/\/wloczega.pl\/blog\/\",\"logo\":{\"@type\":\"ImageObject\",\"inLanguage\":\"pl-PL\",\"@id\":\"https:\/\/wloczega.pl\/blog\/#\/schema\/logo\/image\/\",\"url\":\"https:\/\/wloczega.pl\/blog\/wp-content\/uploads\/2020\/12\/cropped-wloczega-logo-150.png\",\"contentUrl\":\"https:\/\/wloczega.pl\/blog\/wp-content\/uploads\/2020\/12\/cropped-wloczega-logo-150.png\",\"width\":150,\"height\":150,\"caption\":\"W\u0142\u00f3cz\u0119ga Blog\"},\"image\":{\"@id\":\"https:\/\/wloczega.pl\/blog\/#\/schema\/logo\/image\/\"}},{\"@type\":\"Person\",\"@id\":\"https:\/\/wloczega.pl\/blog\/#\/schema\/person\/d03791ddd90e77202accd03569d175a0\",\"name\":\"admin\",\"image\":{\"@type\":\"ImageObject\",\"inLanguage\":\"pl-PL\",\"@id\":\"https:\/\/wloczega.pl\/blog\/#\/schema\/person\/image\/\",\"url\":\"https:\/\/secure.gravatar.com\/avatar\/4e28ef1ebb79d16e9cc51fac33f3e53f?s=96&d=mm&r=g\",\"contentUrl\":\"https:\/\/secure.gravatar.com\/avatar\/4e28ef1ebb79d16e9cc51fac33f3e53f?s=96&d=mm&r=g\",\"caption\":\"admin\"},\"url\":\"https:\/\/wloczega.pl\/blog\/author\/admin\/\"}]}<\/script>\n<!-- \/ Yoast SEO plugin. -->","yoast_head_json":{"title":"Noc pod Turbaczem, namiot, ogie\u0144 i d\u017awi\u0119ki lasu - W\u0142\u00f3cz\u0119ga Blog","robots":{"index":"index","follow":"follow","max-snippet":"max-snippet:-1","max-image-preview":"max-image-preview:large","max-video-preview":"max-video-preview:-1"},"canonical":"https:\/\/wloczega.pl\/blog\/noc-pod-turbaczem-namiot-ogien-i-dzwieki-lasu\/","og_locale":"pl_PL","og_type":"article","og_title":"Noc pod Turbaczem, namiot, ogie\u0144 i d\u017awi\u0119ki lasu - W\u0142\u00f3cz\u0119ga Blog","og_description":"Noc w lesie pod namiotem to niesamowite prze\u017cycie, daj\u0105ce mn\u00f3stwo satysfakcji z kontaktu z natur\u0105. Szczeg\u00f3lnie spanie w lesie na dziko to niezapomniana przygoda. Aby biwakowanie w lesie by\u0142o udane, musisz pami\u0119ta\u0107 o odpowiednim stroju i ekwipunku. Zobacz jaki sprz\u0119t testowali\u015bmy podczas naszego wypadu i poczuj niepowtarzaln\u0105 atmosfer\u0119, jak\u0105 ma noc w lesie, sp\u0119dzana przy [&hellip;]","og_url":"https:\/\/wloczega.pl\/blog\/noc-pod-turbaczem-namiot-ogien-i-dzwieki-lasu\/","og_site_name":"W\u0142\u00f3cz\u0119ga Blog","article_published_time":"2022-03-20T14:21:32+00:00","article_modified_time":"2025-07-04T07:05:56+00:00","og_image":[{"width":1280,"height":720,"url":"https:\/\/wloczega.pl\/blog\/wp-content\/uploads\/2022\/03\/noc-pod-turbaczem.jpg","type":"image\/jpeg"}],"author":"admin","twitter_card":"summary_large_image","twitter_misc":{"Napisane przez":"admin","Szacowany czas czytania":"2 minuty"},"schema":{"@context":"https:\/\/schema.org","@graph":[{"@type":"Article","@id":"https:\/\/wloczega.pl\/blog\/noc-pod-turbaczem-namiot-ogien-i-dzwieki-lasu\/#article","isPartOf":{"@id":"https:\/\/wloczega.pl\/blog\/noc-pod-turbaczem-namiot-ogien-i-dzwieki-lasu\/"},"author":{"name":"admin","@id":"https:\/\/wloczega.pl\/blog\/#\/schema\/person\/d03791ddd90e77202accd03569d175a0"},"headline":"Noc pod Turbaczem, namiot, ogie\u0144 i d\u017awi\u0119ki lasu","datePublished":"2022-03-20T14:21:32+00:00","dateModified":"2025-07-04T07:05:56+00:00","mainEntityOfPage":{"@id":"https:\/\/wloczega.pl\/blog\/noc-pod-turbaczem-namiot-ogien-i-dzwieki-lasu\/"},"wordCount":422,"commentCount":0,"publisher":{"@id":"https:\/\/wloczega.pl\/blog\/#organization"},"keywords":["biwak","biwak pod namiotem","biwak w lesie","biwak w lesie youtube","biwakowanie","biwakowanie pod namiotem","biwakowanie w lesie","buschcraft","bushcraft polska","gorce","namiot 2 osobowy","noc pod namiotem","noc w lesie","noc w lesie pod namiotem","spanie w lesie","spanie w lesie na dziko","spanie w namiocie","turbacz"],"articleSection":["Filmy"],"inLanguage":"pl-PL","potentialAction":[{"@type":"CommentAction","name":"Comment","target":["https:\/\/wloczega.pl\/blog\/noc-pod-turbaczem-namiot-ogien-i-dzwieki-lasu\/#respond"]}]},{"@type":"WebPage","@id":"https:\/\/wloczega.pl\/blog\/noc-pod-turbaczem-namiot-ogien-i-dzwieki-lasu\/","url":"https:\/\/wloczega.pl\/blog\/noc-pod-turbaczem-namiot-ogien-i-dzwieki-lasu\/","name":"Noc pod Turbaczem, namiot, ogie\u0144 i d\u017awi\u0119ki lasu - W\u0142\u00f3cz\u0119ga Blog","isPartOf":{"@id":"https:\/\/wloczega.pl\/blog\/#website"},"datePublished":"2022-03-20T14:21:32+00:00","dateModified":"2025-07-04T07:05:56+00:00","breadcrumb":{"@id":"https:\/\/wloczega.pl\/blog\/noc-pod-turbaczem-namiot-ogien-i-dzwieki-lasu\/#breadcrumb"},"inLanguage":"pl-PL","potentialAction":[{"@type":"ReadAction","target":["https:\/\/wloczega.pl\/blog\/noc-pod-turbaczem-namiot-ogien-i-dzwieki-lasu\/"]}]},{"@type":"BreadcrumbList","@id":"https:\/\/wloczega.pl\/blog\/noc-pod-turbaczem-namiot-ogien-i-dzwieki-lasu\/#breadcrumb","itemListElement":[{"@type":"ListItem","position":1,"name":"Strona g\u0142\u00f3wna","item":"https:\/\/wloczega.pl\/blog\/"},{"@type":"ListItem","position":2,"name":"Noc pod Turbaczem, namiot, ogie\u0144 i d\u017awi\u0119ki lasu"}]},{"@type":"WebSite","@id":"https:\/\/wloczega.pl\/blog\/#website","url":"https:\/\/wloczega.pl\/blog\/","name":"W\u0142\u00f3cz\u0119ga Blog","description":"Blog turystyczny, porady, informacje.","publisher":{"@id":"https:\/\/wloczega.pl\/blog\/#organization"},"potentialAction":[{"@type":"SearchAction","target":{"@type":"EntryPoint","urlTemplate":"https:\/\/wloczega.pl\/blog\/?s={search_term_string}"},"query-input":"required name=search_term_string"}],"inLanguage":"pl-PL"},{"@type":"Organization","@id":"https:\/\/wloczega.pl\/blog\/#organization","name":"W\u0142\u00f3cz\u0119ga Blog","url":"https:\/\/wloczega.pl\/blog\/","logo":{"@type":"ImageObject","inLanguage":"pl-PL","@id":"https:\/\/wloczega.pl\/blog\/#\/schema\/logo\/image\/","url":"https:\/\/wloczega.pl\/blog\/wp-content\/uploads\/2020\/12\/cropped-wloczega-logo-150.png","contentUrl":"https:\/\/wloczega.pl\/blog\/wp-content\/uploads\/2020\/12\/cropped-wloczega-logo-150.png","width":150,"height":150,"caption":"W\u0142\u00f3cz\u0119ga Blog"},"image":{"@id":"https:\/\/wloczega.pl\/blog\/#\/schema\/logo\/image\/"}},{"@type":"Person","@id":"https:\/\/wloczega.pl\/blog\/#\/schema\/person\/d03791ddd90e77202accd03569d175a0","name":"admin","image":{"@type":"ImageObject","inLanguage":"pl-PL","@id":"https:\/\/wloczega.pl\/blog\/#\/schema\/person\/image\/","url":"https:\/\/secure.gravatar.com\/avatar\/4e28ef1ebb79d16e9cc51fac33f3e53f?s=96&d=mm&r=g","contentUrl":"https:\/\/secure.gravatar.com\/avatar\/4e28ef1ebb79d16e9cc51fac33f3e53f?s=96&d=mm&r=g","caption":"admin"},"url":"https:\/\/wloczega.pl\/blog\/author\/admin\/"}]}},"_links":{"self":[{"href":"https:\/\/wloczega.pl\/blog\/wp-json\/wp\/v2\/posts\/225"}],"collection":[{"href":"https:\/\/wloczega.pl\/blog\/wp-json\/wp\/v2\/posts"}],"about":[{"href":"https:\/\/wloczega.pl\/blog\/wp-json\/wp\/v2\/types\/post"}],"author":[{"embeddable":true,"href":"https:\/\/wloczega.pl\/blog\/wp-json\/wp\/v2\/users\/1"}],"replies":[{"embeddable":true,"href":"https:\/\/wloczega.pl\/blog\/wp-json\/wp\/v2\/comments?post=225"}],"version-history":[{"count":3,"href":"https:\/\/wloczega.pl\/blog\/wp-json\/wp\/v2\/posts\/225\/revisions"}],"predecessor-version":[{"id":935,"href":"https:\/\/wloczega.pl\/blog\/wp-json\/wp\/v2\/posts\/225\/revisions\/935"}],"wp:featuredmedia":[{"embeddable":true,"href":"https:\/\/wloczega.pl\/blog\/wp-json\/wp\/v2\/media\/230"}],"wp:attachment":[{"href":"https:\/\/wloczega.pl\/blog\/wp-json\/wp\/v2\/media?parent=225"}],"wp:term":[{"taxonomy":"category","embeddable":true,"href":"https:\/\/wloczega.pl\/blog\/wp-json\/wp\/v2\/categories?post=225"},{"taxonomy":"post_tag","embeddable":true,"href":"https:\/\/wloczega.pl\/blog\/wp-json\/wp\/v2\/tags?post=225"}],"curies":[{"name":"wp","href":"https:\/\/api.w.org\/{rel}","templated":true}]}}