{"id":325,"date":"2022-08-18T16:23:51","date_gmt":"2022-08-18T14:23:51","guid":{"rendered":"https:\/\/wloczega.pl\/blog\/?p=325"},"modified":"2025-07-04T09:17:46","modified_gmt":"2025-07-04T07:17:46","slug":"obrazy-las-jako-idealne-dodatki-do-wnetrz","status":"publish","type":"post","link":"https:\/\/wloczega.pl\/blog\/obrazy-las-jako-idealne-dodatki-do-wnetrz\/","title":{"rendered":"Obrazy las jako idealne dodatki do wn\u0119trz"},"content":{"rendered":"\n<p>Wi\u0119kszo\u015b\u0107 z nas nie ma \u017cadnej wiedzy na temat architektury, czy w\u0142a\u015bciwego wystroju wn\u0119trz. Pr\u00f3bujemy kierowa\u0107 si\u0119 zmys\u0142em estetyki, ale efekt nie zawsze jest zadowalaj\u0105cy. Cz\u0119sto chcemy sprawi\u0107, aby nasze mieszkanie, czy dom sta\u0142o si\u0119 bardziej przytulne, ale nie wiemy z jakich narz\u0119dzi skorzysta\u0107, ani od czego w og\u00f3le zacz\u0105\u0107. Kolor \u015bcian? Drogie dekoracje, czy mo\u017ce wymiana mebli? Rozwi\u0105zanie okazuje si\u0119 by\u0107 ca\u0142kiem proste i nie wymaga ani du\u017cych nak\u0142ad\u00f3w finansowych, ani wiedzy na temat projektowania.<br>Obrazy i plakaty to jedne z tych dekoracji, kt\u00f3re diametralnie zmieniaj\u0105 klimat pomieszczenia. Z pomoc\u0105 odpowiednich grafik nudne \u015bciany zamieni\u0105 si\u0119 w co\u015b, co z \u0142atwo\u015bci\u0105 przyci\u0105gnie wzrok i podkre\u015bli charakter pomieszczenia. Znajomo\u015b\u0107 sztuki to raczej ma\u0142o spotykana umiej\u0119tno\u015b\u0107, dlatego zazwyczaj polecamy si\u0119gn\u0105\u0107 po fotografie przedstawiaj\u0105ce natur\u0119 i pi\u0119kne krajobrazy. <a href=\"https:\/\/wloczega.pl\/obrazy-las\">Obrazy las<\/a> oraz <a href=\"https:\/\/wloczega.pl\/plakaty-las\">plakaty las<\/a> pi\u0119knie zaprezentuj\u0105 si\u0119 w ka\u017cdym rodzaju wn\u0119trza. W zale\u017cno\u015bci od kolorystyki, jaka panuje w Twoim domu mo\u017cesz zdecydowa\u0107 si\u0119 na krajobrazy o wiosennych odcieniach i g\u0142\u0119bokiej zieleni, lub bardziej letnie krajobrazy, gdzie g\u00f3rowa\u0107 b\u0119d\u0105 z\u0142ote i ciep\u0142e barwy. Je\u015bli preferujesz minimalizm i dramaturgi\u0119, mo\u017cesz spr\u00f3bowa\u0107 obraz\u00f3w w czerni i bieli. W internecie dost\u0119pna jest ca\u0142a masa fotografii w przer\u00f3\u017cnych rozmiarach, dlatego jeste\u015bmy pewni, \u017ce ka\u017cdy znajdzie co\u015b odpowiedniego dla siebie. Gwarantujemy, \u017ce nawet taki niewielki dodatek sprawi, \u017ce wn\u0119trze nabierze charakteru, ponadto stanie si\u0119 du\u017co bardziej przytulne i interesuj\u0105ce.<\/p>\n\n\n<div class=\"wp-block-image\">\n<figure class=\"aligncenter size-full\"><img fetchpriority=\"high\" decoding=\"async\" width=\"640\" height=\"960\" src=\"https:\/\/wloczega.pl\/blog\/wp-content\/uploads\/2022\/08\/jason-briscoe-UV81E0oXXWQ-unsplash-1.jpg\" alt=\"Przyk\u0142ad zastosowania obraz\u00f3w jako dekoracji\" class=\"wp-image-326\" srcset=\"https:\/\/wloczega.pl\/blog\/wp-content\/uploads\/2022\/08\/jason-briscoe-UV81E0oXXWQ-unsplash-1.jpg 640w, https:\/\/wloczega.pl\/blog\/wp-content\/uploads\/2022\/08\/jason-briscoe-UV81E0oXXWQ-unsplash-1-200x300.jpg 200w\" sizes=\"(max-width: 640px) 100vw, 640px\" \/><\/figure><\/div>\n\n\n<p><br>Obrazy i plakaty to te\u017c \u015bwietny pomys\u0142 na <a href=\"https:\/\/wloczega.pl\/prezent-dla-milosnika-lasu\">prezent dla mi\u0142o\u015bnika lasu<\/a> lub <a href=\"https:\/\/wloczega.pl\/prezent-dla-lesnika\">prezenty dla le\u015bnika<\/a>. Ludzie, kt\u00f3rzy uwielbiaj\u0105 sp\u0119dza\u0107 sw\u00f3j czas na \u0142onie natury, z pewno\u015bci\u0105 doceni\u0105 tego typu upominek, szczeg\u00f3lnie je\u015bli wybierzesz fotografi\u0119 przedstawiaj\u0105c\u0105 ich ulubiony widok. Zadbaj te\u017c o to, aby oprawi\u0107 plakat w solidn\u0105 i estetyczn\u0105 ramk\u0119, tak aby by\u0142a ju\u017c gotowa do zawieszenia. Je\u015bli szukasz wi\u0119cej sugestii na temat prezent\u00f3w dla mi\u0142o\u015bnik\u00f3w lasu, to zapraszam Ci\u0119 do zapoznania si\u0119 z innymi postami, gdzie polecamy r\u00f3wnie\u017c takie produkty jak <a href=\"https:\/\/wloczega.pl\/bluzy-z-motywem-lasu\">bluza las<\/a>, koszulki, czy kubki.<\/p>\n\n\n\n<h2 class=\"wp-block-heading\">Podobne wpisy:<\/h2>\n\n\n\n<ul>\n<li><a href=\"https:\/\/wloczega.pl\/blog\/zjawiskowy-prezent-dla-goromaniaka-na-sciane\/\">Zjawiskowy prezent dla g\u00f3romaniaka na \u015bciane<\/a><\/li>\n\n\n\n<li><a href=\"http:\/\/www.wloczega.pl\/blog\/w-jakim-sklepie-znalezc-najlepszy-prezent-dla-milosnika-gor\/\">W jakim sklepie znale\u017a\u0107 najlepszy prezent dla mi\u0142o\u015bnika g\u00f3r<\/a><\/li>\n\n\n\n<li><a href=\"http:\/\/wloczega.pl\/blog\/koszulka-z-lasem-jako-prezent-dla-grzybiarza\/\">Koszulka z lasem jako prezent dla grzybiarza<\/a><\/li>\n\n\n\n<li><a href=\"http:\/\/wloczega.pl\/blog\/jaki-prezent-dla-survivalowca-wybrac\/\">Jaki prezent wybra\u0107 dla survivalowca<\/a><\/li>\n\n\n\n<li><a href=\"https:\/\/wloczega.pl\/blog\/prezent-dla-milosnika-lasu-na-walentynki\/\">Prezent na walentynki dla mi\u0142o\u015bnika lasu<\/a><\/li>\n<\/ul>\n","protected":false},"excerpt":{"rendered":"<p>Wi\u0119kszo\u015b\u0107 z nas nie ma \u017cadnej wiedzy na temat architektury, czy w\u0142a\u015bciwego wystroju wn\u0119trz. Pr\u00f3bujemy kierowa\u0107 si\u0119 zmys\u0142em estetyki, ale efekt nie zawsze jest zadowalaj\u0105cy. Cz\u0119sto chcemy sprawi\u0107, aby nasze mieszkanie, czy dom sta\u0142o si\u0119 bardziej przytulne, ale nie wiemy z jakich narz\u0119dzi skorzysta\u0107, ani od czego w og\u00f3le zacz\u0105\u0107. Kolor \u015bcian? Drogie dekoracje, czy [&hellip;]<\/p>\n","protected":false},"author":3,"featured_media":327,"comment_status":"open","ping_status":"open","sticky":false,"template":"","format":"standard","meta":{"footnotes":""},"categories":[4],"tags":[185,252,251,248,245,249,246,250,213,178,247],"yoast_head":"<!-- This site is optimized with the Yoast SEO plugin v20.3 - https:\/\/yoast.com\/wordpress\/plugins\/seo\/ -->\n<title>Obrazy las jako idealne dodatki do wn\u0119trz - W\u0142\u00f3cz\u0119ga Blog<\/title>\n<meta name=\"robots\" content=\"index, follow, max-snippet:-1, max-image-preview:large, max-video-preview:-1\" \/>\n<link rel=\"canonical\" href=\"https:\/\/wloczega.pl\/blog\/obrazy-las-jako-idealne-dodatki-do-wnetrz\/\" \/>\n<meta property=\"og:locale\" content=\"pl_PL\" \/>\n<meta property=\"og:type\" content=\"article\" \/>\n<meta property=\"og:title\" content=\"Obrazy las jako idealne dodatki do wn\u0119trz - W\u0142\u00f3cz\u0119ga Blog\" \/>\n<meta property=\"og:description\" content=\"Wi\u0119kszo\u015b\u0107 z nas nie ma \u017cadnej wiedzy na temat architektury, czy w\u0142a\u015bciwego wystroju wn\u0119trz. Pr\u00f3bujemy kierowa\u0107 si\u0119 zmys\u0142em estetyki, ale efekt nie zawsze jest zadowalaj\u0105cy. Cz\u0119sto chcemy sprawi\u0107, aby nasze mieszkanie, czy dom sta\u0142o si\u0119 bardziej przytulne, ale nie wiemy z jakich narz\u0119dzi skorzysta\u0107, ani od czego w og\u00f3le zacz\u0105\u0107. Kolor \u015bcian? Drogie dekoracje, czy [&hellip;]\" \/>\n<meta property=\"og:url\" content=\"https:\/\/wloczega.pl\/blog\/obrazy-las-jako-idealne-dodatki-do-wnetrz\/\" \/>\n<meta property=\"og:site_name\" content=\"W\u0142\u00f3cz\u0119ga Blog\" \/>\n<meta property=\"article:published_time\" content=\"2022-08-18T14:23:51+00:00\" \/>\n<meta property=\"article:modified_time\" content=\"2025-07-04T07:17:46+00:00\" \/>\n<meta property=\"og:image\" content=\"https:\/\/wloczega.pl\/blog\/wp-content\/uploads\/2022\/08\/minh-pham-OtXADkUh3-I-unsplash-1.jpg\" \/>\n\t<meta property=\"og:image:width\" content=\"640\" \/>\n\t<meta property=\"og:image:height\" content=\"960\" \/>\n\t<meta property=\"og:image:type\" content=\"image\/jpeg\" \/>\n<meta name=\"author\" content=\"sylwiapn\" \/>\n<meta name=\"twitter:card\" content=\"summary_large_image\" \/>\n<meta name=\"twitter:label1\" content=\"Napisane przez\" \/>\n\t<meta name=\"twitter:data1\" content=\"sylwiapn\" \/>\n\t<meta name=\"twitter:label2\" content=\"Szacowany czas czytania\" \/>\n\t<meta name=\"twitter:data2\" content=\"3 minuty\" \/>\n<script type=\"application\/ld+json\" class=\"yoast-schema-graph\">{\"@context\":\"https:\/\/schema.org\",\"@graph\":[{\"@type\":\"Article\",\"@id\":\"https:\/\/wloczega.pl\/blog\/obrazy-las-jako-idealne-dodatki-do-wnetrz\/#article\",\"isPartOf\":{\"@id\":\"https:\/\/wloczega.pl\/blog\/obrazy-las-jako-idealne-dodatki-do-wnetrz\/\"},\"author\":{\"name\":\"sylwiapn\",\"@id\":\"https:\/\/wloczega.pl\/blog\/#\/schema\/person\/77812f0e728726197909efa88be6d95a\"},\"headline\":\"Obrazy las jako idealne dodatki do wn\u0119trz\",\"datePublished\":\"2022-08-18T14:23:51+00:00\",\"dateModified\":\"2025-07-04T07:17:46+00:00\",\"mainEntityOfPage\":{\"@id\":\"https:\/\/wloczega.pl\/blog\/obrazy-las-jako-idealne-dodatki-do-wnetrz\/\"},\"wordCount\":424,\"commentCount\":0,\"publisher\":{\"@id\":\"https:\/\/wloczega.pl\/blog\/#organization\"},\"keywords\":[\"bluza las\",\"ciekawe dekoracje do wn\u0119trz\",\"ciekawe plakaty\",\"obrazy do wn\u0119trz\",\"Obrazy las\",\"obrazy na \u015bciane\",\"plakaty las\",\"plakaty na \u015bcian\u0119\",\"prezent dla mi\u0142o\u015bnika lasu\",\"prezenty dla le\u015bnika\",\"wn\u0119trza\"],\"articleSection\":[\"Inspiracje\"],\"inLanguage\":\"pl-PL\",\"potentialAction\":[{\"@type\":\"CommentAction\",\"name\":\"Comment\",\"target\":[\"https:\/\/wloczega.pl\/blog\/obrazy-las-jako-idealne-dodatki-do-wnetrz\/#respond\"]}]},{\"@type\":\"WebPage\",\"@id\":\"https:\/\/wloczega.pl\/blog\/obrazy-las-jako-idealne-dodatki-do-wnetrz\/\",\"url\":\"https:\/\/wloczega.pl\/blog\/obrazy-las-jako-idealne-dodatki-do-wnetrz\/\",\"name\":\"Obrazy las jako idealne dodatki do wn\u0119trz - W\u0142\u00f3cz\u0119ga Blog\",\"isPartOf\":{\"@id\":\"https:\/\/wloczega.pl\/blog\/#website\"},\"datePublished\":\"2022-08-18T14:23:51+00:00\",\"dateModified\":\"2025-07-04T07:17:46+00:00\",\"breadcrumb\":{\"@id\":\"https:\/\/wloczega.pl\/blog\/obrazy-las-jako-idealne-dodatki-do-wnetrz\/#breadcrumb\"},\"inLanguage\":\"pl-PL\",\"potentialAction\":[{\"@type\":\"ReadAction\",\"target\":[\"https:\/\/wloczega.pl\/blog\/obrazy-las-jako-idealne-dodatki-do-wnetrz\/\"]}]},{\"@type\":\"BreadcrumbList\",\"@id\":\"https:\/\/wloczega.pl\/blog\/obrazy-las-jako-idealne-dodatki-do-wnetrz\/#breadcrumb\",\"itemListElement\":[{\"@type\":\"ListItem\",\"position\":1,\"name\":\"Strona g\u0142\u00f3wna\",\"item\":\"https:\/\/wloczega.pl\/blog\/\"},{\"@type\":\"ListItem\",\"position\":2,\"name\":\"Obrazy las jako idealne dodatki do wn\u0119trz\"}]},{\"@type\":\"WebSite\",\"@id\":\"https:\/\/wloczega.pl\/blog\/#website\",\"url\":\"https:\/\/wloczega.pl\/blog\/\",\"name\":\"W\u0142\u00f3cz\u0119ga Blog\",\"description\":\"Blog turystyczny, porady, informacje.\",\"publisher\":{\"@id\":\"https:\/\/wloczega.pl\/blog\/#organization\"},\"potentialAction\":[{\"@type\":\"SearchAction\",\"target\":{\"@type\":\"EntryPoint\",\"urlTemplate\":\"https:\/\/wloczega.pl\/blog\/?s={search_term_string}\"},\"query-input\":\"required name=search_term_string\"}],\"inLanguage\":\"pl-PL\"},{\"@type\":\"Organization\",\"@id\":\"https:\/\/wloczega.pl\/blog\/#organization\",\"name\":\"W\u0142\u00f3cz\u0119ga Blog\",\"url\":\"https:\/\/wloczega.pl\/blog\/\",\"logo\":{\"@type\":\"ImageObject\",\"inLanguage\":\"pl-PL\",\"@id\":\"https:\/\/wloczega.pl\/blog\/#\/schema\/logo\/image\/\",\"url\":\"https:\/\/wloczega.pl\/blog\/wp-content\/uploads\/2020\/12\/cropped-wloczega-logo-150.png\",\"contentUrl\":\"https:\/\/wloczega.pl\/blog\/wp-content\/uploads\/2020\/12\/cropped-wloczega-logo-150.png\",\"width\":150,\"height\":150,\"caption\":\"W\u0142\u00f3cz\u0119ga Blog\"},\"image\":{\"@id\":\"https:\/\/wloczega.pl\/blog\/#\/schema\/logo\/image\/\"}},{\"@type\":\"Person\",\"@id\":\"https:\/\/wloczega.pl\/blog\/#\/schema\/person\/77812f0e728726197909efa88be6d95a\",\"name\":\"sylwiapn\",\"image\":{\"@type\":\"ImageObject\",\"inLanguage\":\"pl-PL\",\"@id\":\"https:\/\/wloczega.pl\/blog\/#\/schema\/person\/image\/\",\"url\":\"https:\/\/secure.gravatar.com\/avatar\/1b70a174054a34bc508fa1e670ba58ea?s=96&d=mm&r=g\",\"contentUrl\":\"https:\/\/secure.gravatar.com\/avatar\/1b70a174054a34bc508fa1e670ba58ea?s=96&d=mm&r=g\",\"caption\":\"sylwiapn\"},\"url\":\"https:\/\/wloczega.pl\/blog\/author\/sylwiapn\/\"}]}<\/script>\n<!-- \/ Yoast SEO plugin. -->","yoast_head_json":{"title":"Obrazy las jako idealne dodatki do wn\u0119trz - W\u0142\u00f3cz\u0119ga Blog","robots":{"index":"index","follow":"follow","max-snippet":"max-snippet:-1","max-image-preview":"max-image-preview:large","max-video-preview":"max-video-preview:-1"},"canonical":"https:\/\/wloczega.pl\/blog\/obrazy-las-jako-idealne-dodatki-do-wnetrz\/","og_locale":"pl_PL","og_type":"article","og_title":"Obrazy las jako idealne dodatki do wn\u0119trz - W\u0142\u00f3cz\u0119ga Blog","og_description":"Wi\u0119kszo\u015b\u0107 z nas nie ma \u017cadnej wiedzy na temat architektury, czy w\u0142a\u015bciwego wystroju wn\u0119trz. Pr\u00f3bujemy kierowa\u0107 si\u0119 zmys\u0142em estetyki, ale efekt nie zawsze jest zadowalaj\u0105cy. Cz\u0119sto chcemy sprawi\u0107, aby nasze mieszkanie, czy dom sta\u0142o si\u0119 bardziej przytulne, ale nie wiemy z jakich narz\u0119dzi skorzysta\u0107, ani od czego w og\u00f3le zacz\u0105\u0107. Kolor \u015bcian? Drogie dekoracje, czy [&hellip;]","og_url":"https:\/\/wloczega.pl\/blog\/obrazy-las-jako-idealne-dodatki-do-wnetrz\/","og_site_name":"W\u0142\u00f3cz\u0119ga Blog","article_published_time":"2022-08-18T14:23:51+00:00","article_modified_time":"2025-07-04T07:17:46+00:00","og_image":[{"width":640,"height":960,"url":"https:\/\/wloczega.pl\/blog\/wp-content\/uploads\/2022\/08\/minh-pham-OtXADkUh3-I-unsplash-1.jpg","type":"image\/jpeg"}],"author":"sylwiapn","twitter_card":"summary_large_image","twitter_misc":{"Napisane przez":"sylwiapn","Szacowany czas czytania":"3 minuty"},"schema":{"@context":"https:\/\/schema.org","@graph":[{"@type":"Article","@id":"https:\/\/wloczega.pl\/blog\/obrazy-las-jako-idealne-dodatki-do-wnetrz\/#article","isPartOf":{"@id":"https:\/\/wloczega.pl\/blog\/obrazy-las-jako-idealne-dodatki-do-wnetrz\/"},"author":{"name":"sylwiapn","@id":"https:\/\/wloczega.pl\/blog\/#\/schema\/person\/77812f0e728726197909efa88be6d95a"},"headline":"Obrazy las jako idealne dodatki do wn\u0119trz","datePublished":"2022-08-18T14:23:51+00:00","dateModified":"2025-07-04T07:17:46+00:00","mainEntityOfPage":{"@id":"https:\/\/wloczega.pl\/blog\/obrazy-las-jako-idealne-dodatki-do-wnetrz\/"},"wordCount":424,"commentCount":0,"publisher":{"@id":"https:\/\/wloczega.pl\/blog\/#organization"},"keywords":["bluza las","ciekawe dekoracje do wn\u0119trz","ciekawe plakaty","obrazy do wn\u0119trz","Obrazy las","obrazy na \u015bciane","plakaty las","plakaty na \u015bcian\u0119","prezent dla mi\u0142o\u015bnika lasu","prezenty dla le\u015bnika","wn\u0119trza"],"articleSection":["Inspiracje"],"inLanguage":"pl-PL","potentialAction":[{"@type":"CommentAction","name":"Comment","target":["https:\/\/wloczega.pl\/blog\/obrazy-las-jako-idealne-dodatki-do-wnetrz\/#respond"]}]},{"@type":"WebPage","@id":"https:\/\/wloczega.pl\/blog\/obrazy-las-jako-idealne-dodatki-do-wnetrz\/","url":"https:\/\/wloczega.pl\/blog\/obrazy-las-jako-idealne-dodatki-do-wnetrz\/","name":"Obrazy las jako idealne dodatki do wn\u0119trz - W\u0142\u00f3cz\u0119ga Blog","isPartOf":{"@id":"https:\/\/wloczega.pl\/blog\/#website"},"datePublished":"2022-08-18T14:23:51+00:00","dateModified":"2025-07-04T07:17:46+00:00","breadcrumb":{"@id":"https:\/\/wloczega.pl\/blog\/obrazy-las-jako-idealne-dodatki-do-wnetrz\/#breadcrumb"},"inLanguage":"pl-PL","potentialAction":[{"@type":"ReadAction","target":["https:\/\/wloczega.pl\/blog\/obrazy-las-jako-idealne-dodatki-do-wnetrz\/"]}]},{"@type":"BreadcrumbList","@id":"https:\/\/wloczega.pl\/blog\/obrazy-las-jako-idealne-dodatki-do-wnetrz\/#breadcrumb","itemListElement":[{"@type":"ListItem","position":1,"name":"Strona g\u0142\u00f3wna","item":"https:\/\/wloczega.pl\/blog\/"},{"@type":"ListItem","position":2,"name":"Obrazy las jako idealne dodatki do wn\u0119trz"}]},{"@type":"WebSite","@id":"https:\/\/wloczega.pl\/blog\/#website","url":"https:\/\/wloczega.pl\/blog\/","name":"W\u0142\u00f3cz\u0119ga Blog","description":"Blog turystyczny, porady, informacje.","publisher":{"@id":"https:\/\/wloczega.pl\/blog\/#organization"},"potentialAction":[{"@type":"SearchAction","target":{"@type":"EntryPoint","urlTemplate":"https:\/\/wloczega.pl\/blog\/?s={search_term_string}"},"query-input":"required name=search_term_string"}],"inLanguage":"pl-PL"},{"@type":"Organization","@id":"https:\/\/wloczega.pl\/blog\/#organization","name":"W\u0142\u00f3cz\u0119ga Blog","url":"https:\/\/wloczega.pl\/blog\/","logo":{"@type":"ImageObject","inLanguage":"pl-PL","@id":"https:\/\/wloczega.pl\/blog\/#\/schema\/logo\/image\/","url":"https:\/\/wloczega.pl\/blog\/wp-content\/uploads\/2020\/12\/cropped-wloczega-logo-150.png","contentUrl":"https:\/\/wloczega.pl\/blog\/wp-content\/uploads\/2020\/12\/cropped-wloczega-logo-150.png","width":150,"height":150,"caption":"W\u0142\u00f3cz\u0119ga Blog"},"image":{"@id":"https:\/\/wloczega.pl\/blog\/#\/schema\/logo\/image\/"}},{"@type":"Person","@id":"https:\/\/wloczega.pl\/blog\/#\/schema\/person\/77812f0e728726197909efa88be6d95a","name":"sylwiapn","image":{"@type":"ImageObject","inLanguage":"pl-PL","@id":"https:\/\/wloczega.pl\/blog\/#\/schema\/person\/image\/","url":"https:\/\/secure.gravatar.com\/avatar\/1b70a174054a34bc508fa1e670ba58ea?s=96&d=mm&r=g","contentUrl":"https:\/\/secure.gravatar.com\/avatar\/1b70a174054a34bc508fa1e670ba58ea?s=96&d=mm&r=g","caption":"sylwiapn"},"url":"https:\/\/wloczega.pl\/blog\/author\/sylwiapn\/"}]}},"_links":{"self":[{"href":"https:\/\/wloczega.pl\/blog\/wp-json\/wp\/v2\/posts\/325"}],"collection":[{"href":"https:\/\/wloczega.pl\/blog\/wp-json\/wp\/v2\/posts"}],"about":[{"href":"https:\/\/wloczega.pl\/blog\/wp-json\/wp\/v2\/types\/post"}],"author":[{"embeddable":true,"href":"https:\/\/wloczega.pl\/blog\/wp-json\/wp\/v2\/users\/3"}],"replies":[{"embeddable":true,"href":"https:\/\/wloczega.pl\/blog\/wp-json\/wp\/v2\/comments?post=325"}],"version-history":[{"count":4,"href":"https:\/\/wloczega.pl\/blog\/wp-json\/wp\/v2\/posts\/325\/revisions"}],"predecessor-version":[{"id":959,"href":"https:\/\/wloczega.pl\/blog\/wp-json\/wp\/v2\/posts\/325\/revisions\/959"}],"wp:featuredmedia":[{"embeddable":true,"href":"https:\/\/wloczega.pl\/blog\/wp-json\/wp\/v2\/media\/327"}],"wp:attachment":[{"href":"https:\/\/wloczega.pl\/blog\/wp-json\/wp\/v2\/media?parent=325"}],"wp:term":[{"taxonomy":"category","embeddable":true,"href":"https:\/\/wloczega.pl\/blog\/wp-json\/wp\/v2\/categories?post=325"},{"taxonomy":"post_tag","embeddable":true,"href":"https:\/\/wloczega.pl\/blog\/wp-json\/wp\/v2\/tags?post=325"}],"curies":[{"name":"wp","href":"https:\/\/api.w.org\/{rel}","templated":true}]}}