{"id":495,"date":"2023-03-24T17:21:29","date_gmt":"2023-03-24T16:21:29","guid":{"rendered":"https:\/\/wloczega.pl\/blog\/?p=495"},"modified":"2025-07-04T09:01:40","modified_gmt":"2025-07-04T07:01:40","slug":"krotkofalowka-w-gory-i-do-lasu","status":"publish","type":"post","link":"https:\/\/wloczega.pl\/blog\/krotkofalowka-w-gory-i-do-lasu\/","title":{"rendered":"Kr\u00f3tkofal\u00f3wka w G\u00d3RY i do LASU"},"content":{"rendered":"\n<p>Tym razem chcia\u0142bym poruszy\u0107 temat \u0142\u0105czno\u015bci w g\u00f3rach i lesie. Czyli co\u015b dla turyst\u00f3w pieszych i bushcrafter\u00f3w. Przyjmijmy wi\u0119c, \u017ce idziecie ze znajomymi w g\u00f3ry, albo na grzyby do lasu. Co wybra\u0107 do \u0142\u0105czno\u015bci? Sprz\u0119t podzielimy na 2 kategorie: bez zezwolenia i wymagaj\u0105cy zezwolenia.<\/p>\n\n\n\n<figure class=\"wp-block-embed aligncenter is-type-video is-provider-youtube wp-block-embed-youtube wp-embed-aspect-16-9 wp-has-aspect-ratio\"><div class=\"wp-block-embed__wrapper\">\n<iframe title=\"Kr\u00f3tkofal\u00f3wka w G\u00d3RY i do LASU\" width=\"800\" height=\"450\" src=\"https:\/\/www.youtube.com\/embed\/XbTRwuP4S3c?feature=oembed\" frameborder=\"0\" allow=\"accelerometer; autoplay; clipboard-write; encrypted-media; gyroscope; picture-in-picture; web-share\" allowfullscreen><\/iframe>\n<\/div><\/figure>\n\n\n\n<p><strong>PMR<\/strong><\/p>\n\n\n\n<p>Pierwsze o czym powinni\u015bmy pomy\u015ble\u0107 to PMRka. Takie kr\u00f3tkofal\u00f3wki mo\u017cna zakupi\u0107 za niewielkie pieni\u0105dze praktycznie wsz\u0119dzie i nie wymagaj\u0105 zezwolenia. Ja posiadam 2 Motorole T82 Extreme, kt\u00f3re s\u0105 modelem raczej dro\u017cszym, je\u015bli chodzi o tego typu radia, ale \u015bwietnie sprawdz\u0105 si\u0119 te\u017c ich du\u017co ta\u0144sze odpowiedniki. Tego typu radia mo\u017cna znale\u017a\u0107 nawet za oko\u0142o 100z\u0142 za par\u0119.<\/p>\n\n\n\n<p>Zasi\u0119g takiego sprz\u0119tu jest mocno zale\u017cny od warunk\u00f3w terenowych i pogodowych. Przeprowadza\u0142em ich test na osobnym filmie, kt\u00f3ry mo\u017cecie zobaczy\u0107 tutaj. Teraz w skr\u00f3cie mog\u0119 Wam powiedzie\u0107, \u017ce w terenie le\u015bnym-g\u00f3rzystym mo\u017cna si\u0119 spodziewa\u0107 zasi\u0119g\u00f3w bardzo r\u00f3\u017cnych. W dolinach i g\u0119stym lesie mo\u017ce to by\u0107 100-300m, a na szczytach g\u00f3r nawet dziesi\u0105tki kilometr\u00f3w. Pracujemy tutaj na zintegrowanej antenie, wi\u0119c nie ma mo\u017cliwo\u015bci wkr\u0119cenia niczego wi\u0119kszego.<\/p>\n\n\n\n<p>Czas pracy tych PMRek to ok. 18h i mo\u017cna w nich stosowa\u0107 zwyk\u0142e baterie AA. Podobne rozwi\u0105zania zastosowane s\u0105 w wielu innych modelach. Taki sprz\u0119t przyda si\u0119 nam nawet na kilkudniowe wycieczki.<\/p>\n\n\n\n<p>Spor\u0105 zalet\u0105 s\u0105 tutaj z g\u00f3ry zaprogramowane cz\u0119stotliwo\u015bci, co znaczy, \u017ce ka\u017cdy posiadacz tego sprz\u0119tu mo\u017ce z niego korzysta\u0107, zaraz po wyj\u0119ciu go z pude\u0142ka. Nie ma tu ryzyka, \u017ce si\u0119 z kim\u015b nie us\u0142yszymy, bo b\u0119dzie na nieznanej nam cz\u0119stotliwo\u015bci. Bardzo \u0142atwo mo\u017cna si\u0119 um\u00f3wi\u0107, \u017ce w g\u00f3rach zawsze siedzimy na kanale 3 i to wszystko.<\/p>\n\n\n\n<p>Kolejnymi zaletami jest ma\u0142y rozmiar i niska waga.<\/p>\n\n\n\n<p>To m\u00f3j wyb\u00f3r, je\u015bli chodzi o \u0142\u0105czno\u015bci w terenie z ekip\u0105 znajomych.<\/p>\n\n\n<div class=\"wp-block-image\">\n<figure class=\"aligncenter size-large\"><img fetchpriority=\"high\" decoding=\"async\" width=\"1024\" height=\"575\" src=\"https:\/\/wloczega.pl\/blog\/wp-content\/uploads\/2023\/03\/pexels-flo-maderebner-869258-1024x575.jpg\" alt=\"Wypad w g\u00f3ry na narty\" class=\"wp-image-496\" srcset=\"https:\/\/wloczega.pl\/blog\/wp-content\/uploads\/2023\/03\/pexels-flo-maderebner-869258-1024x575.jpg 1024w, https:\/\/wloczega.pl\/blog\/wp-content\/uploads\/2023\/03\/pexels-flo-maderebner-869258-300x169.jpg 300w, https:\/\/wloczega.pl\/blog\/wp-content\/uploads\/2023\/03\/pexels-flo-maderebner-869258-768x431.jpg 768w, https:\/\/wloczega.pl\/blog\/wp-content\/uploads\/2023\/03\/pexels-flo-maderebner-869258-1536x863.jpg 1536w, https:\/\/wloczega.pl\/blog\/wp-content\/uploads\/2023\/03\/pexels-flo-maderebner-869258.jpg 1919w\" sizes=\"(max-width: 1024px) 100vw, 1024px\" \/><\/figure><\/div>\n\n\n<p><strong>Radiotelefon<\/strong><\/p>\n\n\n\n<p>Drug\u0105 opcj\u0105 jest radiotelefon. Dla przyk\u0142adu we\u017amy pod uwag\u0119 Yaesu Ft-70. Taki radiotelefon wymaga pozwolenia do jego wykorzystywania. Nie jest trudno zdoby\u0107 takie pozwolenie i m\u00f3wi\u0119 o nim na tym filmie.<\/p>\n\n\n\n<p>Zasi\u0119g tego sprz\u0119tu jest wi\u0119kszy z tego wzgl\u0119du, \u017ce pracuje na wy\u017cszej mocy, a&nbsp; dodatkowo ma mo\u017cliwo\u015b\u0107 zamontowania d\u0142u\u017cszej anteny. Mo\u017cna tu te\u017c operowa\u0107 na 2 pasmach cz\u0119stotliwo\u015bci, co dostosowuj\u0105c do anteny i warunk\u00f3w terenowych mo\u017ce poprawi\u0107 zasi\u0119g.<\/p>\n\n\n\n<p>Czas pracy na baterii tego sprz\u0119tu jest bardzo cz\u0119sto ni\u017cszy ni\u017c w przypadku PMRek. Z do\u015bwiadczenia wiem, \u017ce moje Yaesu dzia\u0142a na akumulatorze ok 5-8h. Nie da si\u0119 tu domy\u015blnie zastosowa\u0107 baterii AA, korzystamy tylko z drugiego akumulatora producenta ew. zamiennik\u00f3w.<\/p>\n\n\n\n<p>Niekt\u00f3re z tego typu radiotelefon\u00f3w daj\u0105 mo\u017cliwo\u015b\u0107 odbierania stacji broadcastowych, wi\u0119c mo\u017cna te\u017c pos\u0142ucha\u0107 radia w terenie.<\/p>\n\n\n\n<p>To rozwi\u0105zanie poleci\u0142bym ju\u017c ludziom potrzebuj\u0105cym czego\u015b wi\u0119cej ni\u017c zwyk\u0142a PMR i maj\u0105cych jak\u0105\u015b wiedz\u0119 techniczn\u0105, bo trzeba tu samemu zaprogramowa\u0107 cz\u0119stotliwo\u015bci na jakich pracujemy.<\/p>\n\n\n\n<p>Tego radiotelefonu u\u017cywam do \u0142\u0105czno\u015bci z radioamatorami.<\/p>\n\n\n\n<p>B\u0119d\u0105c ju\u017c przy bardziej wymagaj\u0105cym sprz\u0119cie, chcia\u0142bym Was zainteresowa\u0107 kr\u00f3tkofalarstwem, kt\u00f3re mo\u017cna \u015bwietnie po\u0142aczy\u0107 z w\u0119dr\u00f3wkami w terenie. W\u015br\u00f3d kr\u00f3tkofalowc\u00f3w wyst\u0119puj\u0105 r\u00f3\u017cne formy rozrywki, jednymi z nich jest SOTA polegaj\u0105ca na robieniu \u0142\u0105czno\u015bci ze szczyt\u00f3w g\u00f3r, mo\u017cecie zobaczy\u0107 jak robi\u0119 to na jednym z moich film\u00f3w. Udzia\u0142 mo\u017cna bra\u0107 za pomoc\u0105 radiotelefonu, jak moje yaesu, albo korzystaj\u0105c z bardziej rozwini\u0119tego sprz\u0119tu, daj\u0105cego wi\u0119cej mo\u017cliwo\u015bci, tak jak ten radiotelefon Xiegu, dzi\u0119ki kt\u00f3remu mo\u017cemy robi\u0107 \u0142\u0105czno\u015bci na tysi\u0105ce kilometr\u00f3w. To ju\u017c sprz\u0119t dla naprawd\u0119 wymagaj\u0105cych. Sam u\u017cywam go do d\u0142ugodystansowych \u0142\u0105czno\u015bci podczas wypraw g\u00f3rskich.<\/p>\n\n\n\n<p>Podsumowuj\u0105c, moim zdaniem najprostszym i najwygodniejszym sprz\u0119tem do \u0142\u0105czno\u015bci jest PMRka. Pozosta\u0142y przedstawiony sprz\u0119t daje wi\u0119cej mo\u017cliwo\u015bci, ale je\u015bli idziemy z rodzin\u0105 czy znajomymi to nie zawsze b\u0119d\u0105 nam one potrzebne. Je\u015bli natomiast chcemy si\u0119 rozwija\u0107 w tym kierunku i uczy\u0107 robi\u0107 \u0142\u0105czno\u015bci radiowe na wy\u017cszym poziomie, to szczerze polecam radiotelefony, o kt\u00f3rych wspomnia\u0142em na filmie. Na koniec, zach\u0119cam was r\u00f3wnie\u017c do odwiedzenia mojego kana\u0142u na YouTube, gdzie poruszam inne tego typu zagadnienia.<strong>&nbsp;<\/strong><\/p>\n\n\n\n<h2 class=\"wp-block-heading\">Podobne wpisy:<\/h2>\n\n\n\n<ul>\n<li><a href=\"https:\/\/wloczega.pl\/blog\/noc-w-namiocie-na-1310-m-n-p-m-pierwsza-sota\/\">Pierwsza SOTA &#8211; czyli noc w namiocie na 1310m n. p. m.<\/a><\/li>\n\n\n\n<li><a href=\"http:\/\/wloczega.pl\/blog\/jaki-sprzet-wybrac-do-lacznosci-kryzysowej\/\">Jaki sprz\u0119t wybra\u0107 do \u0142\u0105czno\u015bci kryzysowej<\/a><\/li>\n\n\n\n<li><a href=\"http:\/\/wloczega.pl\/blog\/jak-legalnie-uzywac-baofenga-kilka-porad\/\">Jak legalnie u\u017cywa\u0107 baofenga &#8211; kilka porad<\/a><\/li>\n\n\n\n<li><a href=\"http:\/\/wloczega.pl\/blog\/jak-nawigowac-w-terenie-wyznaczanie-azymutu-za-pomoca-kompasu-w-terenie-i-na-mapie\/\">Jak nawigowa\u0107 w terenie wyznaczenie azymutu za pomoc\u0105 kompasu<\/a><\/li>\n\n\n\n<li><a href=\"http:\/\/wloczega.pl\/blog\/jak-zsynchronizowac-baofengi\/\">Jak zsynchornizowa\u0107 baofengi<\/a><\/li>\n<\/ul>\n","protected":false},"excerpt":{"rendered":"<p>Tym razem chcia\u0142bym poruszy\u0107 temat \u0142\u0105czno\u015bci w g\u00f3rach i lesie. Czyli co\u015b dla turyst\u00f3w pieszych i bushcrafter\u00f3w. Przyjmijmy wi\u0119c, \u017ce idziecie ze znajomymi w g\u00f3ry, albo na grzyby do lasu. Co wybra\u0107 do \u0142\u0105czno\u015bci? Sprz\u0119t podzielimy na 2 kategorie: bez zezwolenia i wymagaj\u0105cy zezwolenia. PMR Pierwsze o czym powinni\u015bmy pomy\u015ble\u0107 to PMRka. Takie kr\u00f3tkofal\u00f3wki mo\u017cna [&hellip;]<\/p>\n","protected":false},"author":3,"featured_media":534,"comment_status":"open","ping_status":"open","sticky":false,"template":"","format":"standard","meta":{"footnotes":""},"categories":[31,1],"tags":[368,364,365,433,25,16,426,434,436,418,432,419,422,428,423,14,416,409,435,420,430,427,421,424,429,431,425],"yoast_head":"<!-- This site is optimized with the Yoast SEO plugin v20.3 - https:\/\/yoast.com\/wordpress\/plugins\/seo\/ -->\n<title>Kr\u00f3tkofal\u00f3wka w G\u00d3RY i do LASU - W\u0142\u00f3cz\u0119ga Blog<\/title>\n<meta name=\"robots\" content=\"index, follow, max-snippet:-1, max-image-preview:large, max-video-preview:-1\" \/>\n<link rel=\"canonical\" href=\"https:\/\/wloczega.pl\/blog\/krotkofalowka-w-gory-i-do-lasu\/\" \/>\n<meta property=\"og:locale\" content=\"pl_PL\" \/>\n<meta property=\"og:type\" content=\"article\" \/>\n<meta property=\"og:title\" content=\"Kr\u00f3tkofal\u00f3wka w G\u00d3RY i do LASU - W\u0142\u00f3cz\u0119ga Blog\" \/>\n<meta property=\"og:description\" content=\"Tym razem chcia\u0142bym poruszy\u0107 temat \u0142\u0105czno\u015bci w g\u00f3rach i lesie. Czyli co\u015b dla turyst\u00f3w pieszych i bushcrafter\u00f3w. Przyjmijmy wi\u0119c, \u017ce idziecie ze znajomymi w g\u00f3ry, albo na grzyby do lasu. Co wybra\u0107 do \u0142\u0105czno\u015bci? Sprz\u0119t podzielimy na 2 kategorie: bez zezwolenia i wymagaj\u0105cy zezwolenia. PMR Pierwsze o czym powinni\u015bmy pomy\u015ble\u0107 to PMRka. Takie kr\u00f3tkofal\u00f3wki mo\u017cna [&hellip;]\" \/>\n<meta property=\"og:url\" content=\"https:\/\/wloczega.pl\/blog\/krotkofalowka-w-gory-i-do-lasu\/\" \/>\n<meta property=\"og:site_name\" content=\"W\u0142\u00f3cz\u0119ga Blog\" \/>\n<meta property=\"article:published_time\" content=\"2023-03-24T16:21:29+00:00\" \/>\n<meta property=\"article:modified_time\" content=\"2025-07-04T07:01:40+00:00\" \/>\n<meta property=\"og:image\" content=\"https:\/\/wloczega.pl\/blog\/wp-content\/uploads\/2023\/03\/krotkofalowka-w-gory.jpg\" \/>\n\t<meta property=\"og:image:width\" content=\"1920\" \/>\n\t<meta property=\"og:image:height\" content=\"1080\" \/>\n\t<meta property=\"og:image:type\" content=\"image\/jpeg\" \/>\n<meta name=\"author\" content=\"sylwiapn\" \/>\n<meta name=\"twitter:card\" content=\"summary_large_image\" \/>\n<meta name=\"twitter:label1\" content=\"Napisane przez\" \/>\n\t<meta name=\"twitter:data1\" content=\"sylwiapn\" \/>\n\t<meta name=\"twitter:label2\" content=\"Szacowany czas czytania\" \/>\n\t<meta name=\"twitter:data2\" content=\"4 minuty\" \/>\n<script type=\"application\/ld+json\" class=\"yoast-schema-graph\">{\"@context\":\"https:\/\/schema.org\",\"@graph\":[{\"@type\":\"Article\",\"@id\":\"https:\/\/wloczega.pl\/blog\/krotkofalowka-w-gory-i-do-lasu\/#article\",\"isPartOf\":{\"@id\":\"https:\/\/wloczega.pl\/blog\/krotkofalowka-w-gory-i-do-lasu\/\"},\"author\":{\"name\":\"sylwiapn\",\"@id\":\"https:\/\/wloczega.pl\/blog\/#\/schema\/person\/77812f0e728726197909efa88be6d95a\"},\"headline\":\"Kr\u00f3tkofal\u00f3wka w G\u00d3RY i do LASU\",\"datePublished\":\"2023-03-24T16:21:29+00:00\",\"dateModified\":\"2025-07-04T07:01:40+00:00\",\"mainEntityOfPage\":{\"@id\":\"https:\/\/wloczega.pl\/blog\/krotkofalowka-w-gory-i-do-lasu\/\"},\"wordCount\":835,\"commentCount\":0,\"publisher\":{\"@id\":\"https:\/\/wloczega.pl\/blog\/#organization\"},\"keywords\":[\"#kr\u00f3tkofalarstwo\",\"#kr\u00f3tkofal\u00f3wka\",\"#radiotelefon\",\"baofeng uv 82\",\"biwak w lesie\",\"bushcraft polska\",\"bushcraftowy\",\"g\u00f3ry\",\"harcerstwo\",\"kr\u00f3tkofal\u00f3wka do lasu\",\"kr\u00f3tkofal\u00f3wka w g\u00f3ry\",\"kr\u00f3tkofal\u00f3wka zasi\u0119g\",\"motorola t82\",\"motorola t82 extreme\",\"motorola t82 extreme pl\",\"noc w lesie\",\"prepper\",\"preppering\",\"survival\",\"tatry\",\"tatry dla pocz\u0105tkuj\u0105cych\",\"turystyka g\u00f3rska\",\"turystyka piesza\",\"walkie talkie\",\"walkie talkie motorola\",\"xiegu x6100\",\"yaesu ft 70\"],\"articleSection\":[\"Filmy\",\"Poradniki\"],\"inLanguage\":\"pl-PL\",\"potentialAction\":[{\"@type\":\"CommentAction\",\"name\":\"Comment\",\"target\":[\"https:\/\/wloczega.pl\/blog\/krotkofalowka-w-gory-i-do-lasu\/#respond\"]}]},{\"@type\":\"WebPage\",\"@id\":\"https:\/\/wloczega.pl\/blog\/krotkofalowka-w-gory-i-do-lasu\/\",\"url\":\"https:\/\/wloczega.pl\/blog\/krotkofalowka-w-gory-i-do-lasu\/\",\"name\":\"Kr\u00f3tkofal\u00f3wka w G\u00d3RY i do LASU - W\u0142\u00f3cz\u0119ga Blog\",\"isPartOf\":{\"@id\":\"https:\/\/wloczega.pl\/blog\/#website\"},\"datePublished\":\"2023-03-24T16:21:29+00:00\",\"dateModified\":\"2025-07-04T07:01:40+00:00\",\"breadcrumb\":{\"@id\":\"https:\/\/wloczega.pl\/blog\/krotkofalowka-w-gory-i-do-lasu\/#breadcrumb\"},\"inLanguage\":\"pl-PL\",\"potentialAction\":[{\"@type\":\"ReadAction\",\"target\":[\"https:\/\/wloczega.pl\/blog\/krotkofalowka-w-gory-i-do-lasu\/\"]}]},{\"@type\":\"BreadcrumbList\",\"@id\":\"https:\/\/wloczega.pl\/blog\/krotkofalowka-w-gory-i-do-lasu\/#breadcrumb\",\"itemListElement\":[{\"@type\":\"ListItem\",\"position\":1,\"name\":\"Strona g\u0142\u00f3wna\",\"item\":\"https:\/\/wloczega.pl\/blog\/\"},{\"@type\":\"ListItem\",\"position\":2,\"name\":\"Kr\u00f3tkofal\u00f3wka w G\u00d3RY i do LASU\"}]},{\"@type\":\"WebSite\",\"@id\":\"https:\/\/wloczega.pl\/blog\/#website\",\"url\":\"https:\/\/wloczega.pl\/blog\/\",\"name\":\"W\u0142\u00f3cz\u0119ga Blog\",\"description\":\"Blog turystyczny, porady, informacje.\",\"publisher\":{\"@id\":\"https:\/\/wloczega.pl\/blog\/#organization\"},\"potentialAction\":[{\"@type\":\"SearchAction\",\"target\":{\"@type\":\"EntryPoint\",\"urlTemplate\":\"https:\/\/wloczega.pl\/blog\/?s={search_term_string}\"},\"query-input\":\"required name=search_term_string\"}],\"inLanguage\":\"pl-PL\"},{\"@type\":\"Organization\",\"@id\":\"https:\/\/wloczega.pl\/blog\/#organization\",\"name\":\"W\u0142\u00f3cz\u0119ga Blog\",\"url\":\"https:\/\/wloczega.pl\/blog\/\",\"logo\":{\"@type\":\"ImageObject\",\"inLanguage\":\"pl-PL\",\"@id\":\"https:\/\/wloczega.pl\/blog\/#\/schema\/logo\/image\/\",\"url\":\"https:\/\/wloczega.pl\/blog\/wp-content\/uploads\/2020\/12\/cropped-wloczega-logo-150.png\",\"contentUrl\":\"https:\/\/wloczega.pl\/blog\/wp-content\/uploads\/2020\/12\/cropped-wloczega-logo-150.png\",\"width\":150,\"height\":150,\"caption\":\"W\u0142\u00f3cz\u0119ga Blog\"},\"image\":{\"@id\":\"https:\/\/wloczega.pl\/blog\/#\/schema\/logo\/image\/\"}},{\"@type\":\"Person\",\"@id\":\"https:\/\/wloczega.pl\/blog\/#\/schema\/person\/77812f0e728726197909efa88be6d95a\",\"name\":\"sylwiapn\",\"image\":{\"@type\":\"ImageObject\",\"inLanguage\":\"pl-PL\",\"@id\":\"https:\/\/wloczega.pl\/blog\/#\/schema\/person\/image\/\",\"url\":\"https:\/\/secure.gravatar.com\/avatar\/1b70a174054a34bc508fa1e670ba58ea?s=96&d=mm&r=g\",\"contentUrl\":\"https:\/\/secure.gravatar.com\/avatar\/1b70a174054a34bc508fa1e670ba58ea?s=96&d=mm&r=g\",\"caption\":\"sylwiapn\"},\"url\":\"https:\/\/wloczega.pl\/blog\/author\/sylwiapn\/\"}]}<\/script>\n<!-- \/ Yoast SEO plugin. -->","yoast_head_json":{"title":"Kr\u00f3tkofal\u00f3wka w G\u00d3RY i do LASU - W\u0142\u00f3cz\u0119ga Blog","robots":{"index":"index","follow":"follow","max-snippet":"max-snippet:-1","max-image-preview":"max-image-preview:large","max-video-preview":"max-video-preview:-1"},"canonical":"https:\/\/wloczega.pl\/blog\/krotkofalowka-w-gory-i-do-lasu\/","og_locale":"pl_PL","og_type":"article","og_title":"Kr\u00f3tkofal\u00f3wka w G\u00d3RY i do LASU - W\u0142\u00f3cz\u0119ga Blog","og_description":"Tym razem chcia\u0142bym poruszy\u0107 temat \u0142\u0105czno\u015bci w g\u00f3rach i lesie. Czyli co\u015b dla turyst\u00f3w pieszych i bushcrafter\u00f3w. Przyjmijmy wi\u0119c, \u017ce idziecie ze znajomymi w g\u00f3ry, albo na grzyby do lasu. Co wybra\u0107 do \u0142\u0105czno\u015bci? Sprz\u0119t podzielimy na 2 kategorie: bez zezwolenia i wymagaj\u0105cy zezwolenia. PMR Pierwsze o czym powinni\u015bmy pomy\u015ble\u0107 to PMRka. Takie kr\u00f3tkofal\u00f3wki mo\u017cna [&hellip;]","og_url":"https:\/\/wloczega.pl\/blog\/krotkofalowka-w-gory-i-do-lasu\/","og_site_name":"W\u0142\u00f3cz\u0119ga Blog","article_published_time":"2023-03-24T16:21:29+00:00","article_modified_time":"2025-07-04T07:01:40+00:00","og_image":[{"width":1920,"height":1080,"url":"https:\/\/wloczega.pl\/blog\/wp-content\/uploads\/2023\/03\/krotkofalowka-w-gory.jpg","type":"image\/jpeg"}],"author":"sylwiapn","twitter_card":"summary_large_image","twitter_misc":{"Napisane przez":"sylwiapn","Szacowany czas czytania":"4 minuty"},"schema":{"@context":"https:\/\/schema.org","@graph":[{"@type":"Article","@id":"https:\/\/wloczega.pl\/blog\/krotkofalowka-w-gory-i-do-lasu\/#article","isPartOf":{"@id":"https:\/\/wloczega.pl\/blog\/krotkofalowka-w-gory-i-do-lasu\/"},"author":{"name":"sylwiapn","@id":"https:\/\/wloczega.pl\/blog\/#\/schema\/person\/77812f0e728726197909efa88be6d95a"},"headline":"Kr\u00f3tkofal\u00f3wka w G\u00d3RY i do LASU","datePublished":"2023-03-24T16:21:29+00:00","dateModified":"2025-07-04T07:01:40+00:00","mainEntityOfPage":{"@id":"https:\/\/wloczega.pl\/blog\/krotkofalowka-w-gory-i-do-lasu\/"},"wordCount":835,"commentCount":0,"publisher":{"@id":"https:\/\/wloczega.pl\/blog\/#organization"},"keywords":["#kr\u00f3tkofalarstwo","#kr\u00f3tkofal\u00f3wka","#radiotelefon","baofeng uv 82","biwak w lesie","bushcraft polska","bushcraftowy","g\u00f3ry","harcerstwo","kr\u00f3tkofal\u00f3wka do lasu","kr\u00f3tkofal\u00f3wka w g\u00f3ry","kr\u00f3tkofal\u00f3wka zasi\u0119g","motorola t82","motorola t82 extreme","motorola t82 extreme pl","noc w lesie","prepper","preppering","survival","tatry","tatry dla pocz\u0105tkuj\u0105cych","turystyka g\u00f3rska","turystyka piesza","walkie talkie","walkie talkie motorola","xiegu x6100","yaesu ft 70"],"articleSection":["Filmy","Poradniki"],"inLanguage":"pl-PL","potentialAction":[{"@type":"CommentAction","name":"Comment","target":["https:\/\/wloczega.pl\/blog\/krotkofalowka-w-gory-i-do-lasu\/#respond"]}]},{"@type":"WebPage","@id":"https:\/\/wloczega.pl\/blog\/krotkofalowka-w-gory-i-do-lasu\/","url":"https:\/\/wloczega.pl\/blog\/krotkofalowka-w-gory-i-do-lasu\/","name":"Kr\u00f3tkofal\u00f3wka w G\u00d3RY i do LASU - W\u0142\u00f3cz\u0119ga Blog","isPartOf":{"@id":"https:\/\/wloczega.pl\/blog\/#website"},"datePublished":"2023-03-24T16:21:29+00:00","dateModified":"2025-07-04T07:01:40+00:00","breadcrumb":{"@id":"https:\/\/wloczega.pl\/blog\/krotkofalowka-w-gory-i-do-lasu\/#breadcrumb"},"inLanguage":"pl-PL","potentialAction":[{"@type":"ReadAction","target":["https:\/\/wloczega.pl\/blog\/krotkofalowka-w-gory-i-do-lasu\/"]}]},{"@type":"BreadcrumbList","@id":"https:\/\/wloczega.pl\/blog\/krotkofalowka-w-gory-i-do-lasu\/#breadcrumb","itemListElement":[{"@type":"ListItem","position":1,"name":"Strona g\u0142\u00f3wna","item":"https:\/\/wloczega.pl\/blog\/"},{"@type":"ListItem","position":2,"name":"Kr\u00f3tkofal\u00f3wka w G\u00d3RY i do LASU"}]},{"@type":"WebSite","@id":"https:\/\/wloczega.pl\/blog\/#website","url":"https:\/\/wloczega.pl\/blog\/","name":"W\u0142\u00f3cz\u0119ga Blog","description":"Blog turystyczny, porady, informacje.","publisher":{"@id":"https:\/\/wloczega.pl\/blog\/#organization"},"potentialAction":[{"@type":"SearchAction","target":{"@type":"EntryPoint","urlTemplate":"https:\/\/wloczega.pl\/blog\/?s={search_term_string}"},"query-input":"required name=search_term_string"}],"inLanguage":"pl-PL"},{"@type":"Organization","@id":"https:\/\/wloczega.pl\/blog\/#organization","name":"W\u0142\u00f3cz\u0119ga Blog","url":"https:\/\/wloczega.pl\/blog\/","logo":{"@type":"ImageObject","inLanguage":"pl-PL","@id":"https:\/\/wloczega.pl\/blog\/#\/schema\/logo\/image\/","url":"https:\/\/wloczega.pl\/blog\/wp-content\/uploads\/2020\/12\/cropped-wloczega-logo-150.png","contentUrl":"https:\/\/wloczega.pl\/blog\/wp-content\/uploads\/2020\/12\/cropped-wloczega-logo-150.png","width":150,"height":150,"caption":"W\u0142\u00f3cz\u0119ga Blog"},"image":{"@id":"https:\/\/wloczega.pl\/blog\/#\/schema\/logo\/image\/"}},{"@type":"Person","@id":"https:\/\/wloczega.pl\/blog\/#\/schema\/person\/77812f0e728726197909efa88be6d95a","name":"sylwiapn","image":{"@type":"ImageObject","inLanguage":"pl-PL","@id":"https:\/\/wloczega.pl\/blog\/#\/schema\/person\/image\/","url":"https:\/\/secure.gravatar.com\/avatar\/1b70a174054a34bc508fa1e670ba58ea?s=96&d=mm&r=g","contentUrl":"https:\/\/secure.gravatar.com\/avatar\/1b70a174054a34bc508fa1e670ba58ea?s=96&d=mm&r=g","caption":"sylwiapn"},"url":"https:\/\/wloczega.pl\/blog\/author\/sylwiapn\/"}]}},"_links":{"self":[{"href":"https:\/\/wloczega.pl\/blog\/wp-json\/wp\/v2\/posts\/495"}],"collection":[{"href":"https:\/\/wloczega.pl\/blog\/wp-json\/wp\/v2\/posts"}],"about":[{"href":"https:\/\/wloczega.pl\/blog\/wp-json\/wp\/v2\/types\/post"}],"author":[{"embeddable":true,"href":"https:\/\/wloczega.pl\/blog\/wp-json\/wp\/v2\/users\/3"}],"replies":[{"embeddable":true,"href":"https:\/\/wloczega.pl\/blog\/wp-json\/wp\/v2\/comments?post=495"}],"version-history":[{"count":3,"href":"https:\/\/wloczega.pl\/blog\/wp-json\/wp\/v2\/posts\/495\/revisions"}],"predecessor-version":[{"id":926,"href":"https:\/\/wloczega.pl\/blog\/wp-json\/wp\/v2\/posts\/495\/revisions\/926"}],"wp:featuredmedia":[{"embeddable":true,"href":"https:\/\/wloczega.pl\/blog\/wp-json\/wp\/v2\/media\/534"}],"wp:attachment":[{"href":"https:\/\/wloczega.pl\/blog\/wp-json\/wp\/v2\/media?parent=495"}],"wp:term":[{"taxonomy":"category","embeddable":true,"href":"https:\/\/wloczega.pl\/blog\/wp-json\/wp\/v2\/categories?post=495"},{"taxonomy":"post_tag","embeddable":true,"href":"https:\/\/wloczega.pl\/blog\/wp-json\/wp\/v2\/tags?post=495"}],"curies":[{"name":"wp","href":"https:\/\/api.w.org\/{rel}","templated":true}]}}